{"id":1042,"date":"2015-04-20T14:59:31","date_gmt":"2015-04-20T14:59:31","guid":{"rendered":"http:\/\/librairiemoderne.com\/?p=1042"},"modified":"2015-04-24T13:26:55","modified_gmt":"2015-04-24T13:26:55","slug":"20-ans-deja-journee-mondiale-du-livre-et-du-droit-dauteur","status":"publish","type":"post","link":"https:\/\/librairiemoderne.com\/?p=1042","title":{"rendered":"20 ans d\u00e9j\u00e0! Journ\u00e9e mondiale du livre et du droit d&rsquo;auteur"},"content":{"rendered":"<p><a href=\"https:\/\/librairiemoderne.com\/wp-content\/uploads\/2015\/04\/hidden_home.jpg\"><img loading=\"lazy\" decoding=\"async\" class=\"  wp-image-1045 alignleft\" src=\"https:\/\/librairiemoderne.com\/wp-content\/uploads\/2015\/04\/hidden_home-214x300.jpg\" alt=\"hidden_home\" width=\"250\" height=\"351\" srcset=\"https:\/\/librairiemoderne.com\/wp-content\/uploads\/2015\/04\/hidden_home-214x300.jpg 214w, https:\/\/librairiemoderne.com\/wp-content\/uploads\/2015\/04\/hidden_home.jpg 360w\" sizes=\"auto, (max-width: 250px) 100vw, 250px\" \/><\/a>Le 23 avril prochain aura lieu la Journ\u00e9e mondiale du livre et du droit d&rsquo;auteur. Cette\u00a0date symbolique pour la litt\u00e9rature universelle, a \u00e9t\u00e9 choisie par la Conf\u00e9rence g\u00e9n\u00e9rale de l\u2019UNESCO afin de rendre un hommage mondial au livre et \u00e0 l\u2019auteur et d\u2019encourager chacun et en particulier les plus jeunes, \u00e0 d\u00e9couvrir le plaisir de la lecture et \u00e0 respecter l\u2019irrempla\u00e7able contribution des cr\u00e9ateurs au progr\u00e8s social et culturel.<\/p>\n<p>En cette belle occasion, un regroupement d&rsquo;organismes reli\u00e9s aux livres, fort de la collaboration de 20 auteurs, a permis \u00a0de vous pr\u00e9parer une petite surprise. Durant tout la journ\u00e9e, avec chaque achat, recevez gratuitement le livre <em>J&rsquo;ai des p&rsquo;tites nouvelles pour vous! <\/em>accompagn\u00e9 d&rsquo;une rose. <a href=\"https:\/\/librairiemoderne.com\/wp-content\/uploads\/2015\/04\/kjbjuvg.png\"><img loading=\"lazy\" decoding=\"async\" class=\"  wp-image-1048 aligncenter\" src=\"https:\/\/librairiemoderne.com\/wp-content\/uploads\/2015\/04\/kjbjuvg-300x136.png\" alt=\"kjbjuvg\" width=\"234\" height=\"106\" srcset=\"https:\/\/librairiemoderne.com\/wp-content\/uploads\/2015\/04\/kjbjuvg-300x136.png 300w, https:\/\/librairiemoderne.com\/wp-content\/uploads\/2015\/04\/kjbjuvg.png 333w\" sizes=\"auto, (max-width: 234px) 100vw, 234px\" \/><\/a>* Limite d&rsquo;un livre et d&rsquo;une rose\u00a0par client. Valide le 23 avril 2015 seulement ou jusqu&rsquo;\u00e0 \u00e9puisement des stocks.<\/p>\n","protected":false},"excerpt":{"rendered":"<p>Le 23 avril prochain aura lieu la Journ\u00e9e mondiale du livre et du droit d&rsquo;auteur. Cette\u00a0date symbolique pour la litt\u00e9rature universelle, a \u00e9t\u00e9 choisie par la Conf\u00e9rence g\u00e9n\u00e9rale de l\u2019UNESCO afin de rendre un hommage mondial au livre et \u00e0 l\u2019auteur et d\u2019encourager chacun et en particulier les plus jeunes, \u00e0 d\u00e9couvrir le plaisir de la lecture et \u00e0 respecter [&#8230;]<\/p>\n","protected":false},"author":2,"featured_media":0,"comment_status":"closed","ping_status":"closed","sticky":false,"template":"","format":"standard","meta":{"footnotes":""},"categories":[10,93],"tags":[],"class_list":["post-1042","post","type-post","status-publish","format-standard","hentry","category-avis-a-notre-clientele","category-evenements-a-venir"],"_links":{"self":[{"href":"https:\/\/librairiemoderne.com\/index.php?rest_route=\/wp\/v2\/posts\/1042","targetHints":{"allow":["GET"]}}],"collection":[{"href":"https:\/\/librairiemoderne.com\/index.php?rest_route=\/wp\/v2\/posts"}],"about":[{"href":"https:\/\/librairiemoderne.com\/index.php?rest_route=\/wp\/v2\/types\/post"}],"author":[{"embeddable":true,"href":"https:\/\/librairiemoderne.com\/index.php?rest_route=\/wp\/v2\/users\/2"}],"replies":[{"embeddable":true,"href":"https:\/\/librairiemoderne.com\/index.php?rest_route=%2Fwp%2Fv2%2Fcomments&post=1042"}],"version-history":[{"count":0,"href":"https:\/\/librairiemoderne.com\/index.php?rest_route=\/wp\/v2\/posts\/1042\/revisions"}],"wp:attachment":[{"href":"https:\/\/librairiemoderne.com\/index.php?rest_route=%2Fwp%2Fv2%2Fmedia&parent=1042"}],"wp:term":[{"taxonomy":"category","embeddable":true,"href":"https:\/\/librairiemoderne.com\/index.php?rest_route=%2Fwp%2Fv2%2Fcategories&post=1042"},{"taxonomy":"post_tag","embeddable":true,"href":"https:\/\/librairiemoderne.com\/index.php?rest_route=%2Fwp%2Fv2%2Ftags&post=1042"}],"curies":[{"name":"wp","href":"https:\/\/api.w.org\/{rel}","templated":true}]}}