{"id":1053,"date":"2015-04-12T03:45:09","date_gmt":"2015-04-12T03:45:09","guid":{"rendered":"http:\/\/librairiemoderne.com\/?p=1053"},"modified":"2015-05-12T04:19:03","modified_gmt":"2015-05-12T04:19:03","slug":"jacques-boulerice-en-librairie","status":"publish","type":"post","link":"https:\/\/librairiemoderne.com\/?p=1053","title":{"rendered":"Jacques Boulerice en librairie"},"content":{"rendered":"<p><a href=\"https:\/\/librairiemoderne.com\/wp-content\/uploads\/2015\/04\/9782924277751.jpg\">\u00a0<\/a><\/p>\n<p><strong><a href=\"https:\/\/librairiemoderne.com\/wp-content\/uploads\/2015\/04\/kguyb.png\"><img loading=\"lazy\" decoding=\"async\" class=\" size-full wp-image-1055 alignleft\" src=\"https:\/\/librairiemoderne.com\/wp-content\/uploads\/2015\/04\/kguyb.png\" alt=\"kguyb\" width=\"176\" height=\"228\" \/><\/a>Le samedi 9 mai 2015<\/strong><\/p>\n<p>Venez en magasin rencontrer l&rsquo;extraordinaire po\u00e8te, conteur et romancier Jaques Boulerice. Pr\u00e9sent pour une s\u00e9ance de signatures pour son nouveau livre <em>Un autre jour<\/em>, l&rsquo;auteur de Saint-Jean-sur-Richelieu compte plus d&rsquo;une vingtaine d&rsquo;ouvrages \u00e0 son actif.\u00a0Sa derni\u00e8re \u0153uvre\u00a0nous permet de visiter plusieurs\u00a0lieux dans le monde\u00a0de fa\u00e7on originale et envo\u00fbtante.\u00a0N&rsquo;h\u00e9sitez pas \u00e0 venir discuter avec lui!<\/p>\n<p>&nbsp;<\/p>\n<p><a href=\"https:\/\/librairiemoderne.com\/wp-content\/uploads\/2015\/04\/9782924277751.jpg\"><img loading=\"lazy\" decoding=\"async\" class=\" size-full wp-image-1054 aligncenter\" src=\"https:\/\/librairiemoderne.com\/wp-content\/uploads\/2015\/04\/9782924277751.jpg\" alt=\"9782924277751\" width=\"180\" height=\"219\" \/><\/a><\/p>\n<p>&nbsp;<\/p>\n<p>&nbsp;<\/p>\n","protected":false},"excerpt":{"rendered":"<p>\u00a0 Le samedi 9 mai 2015 Venez en magasin rencontrer l&rsquo;extraordinaire po\u00e8te, conteur et romancier Jaques Boulerice. Pr\u00e9sent pour une s\u00e9ance de signatures pour son nouveau livre Un autre jour, l&rsquo;auteur de Saint-Jean-sur-Richelieu compte plus d&rsquo;une vingtaine d&rsquo;ouvrages \u00e0 son actif.\u00a0Sa derni\u00e8re \u0153uvre\u00a0nous permet de visiter plusieurs\u00a0lieux dans le monde\u00a0de fa\u00e7on originale et envo\u00fbtante.\u00a0N&rsquo;h\u00e9sitez pas \u00e0 venir discuter avec lui! [&#8230;]<\/p>\n","protected":false},"author":2,"featured_media":0,"comment_status":"closed","ping_status":"closed","sticky":false,"template":"","format":"standard","meta":{"footnotes":""},"categories":[93],"tags":[],"class_list":["post-1053","post","type-post","status-publish","format-standard","hentry","category-evenements-a-venir"],"_links":{"self":[{"href":"https:\/\/librairiemoderne.com\/index.php?rest_route=\/wp\/v2\/posts\/1053","targetHints":{"allow":["GET"]}}],"collection":[{"href":"https:\/\/librairiemoderne.com\/index.php?rest_route=\/wp\/v2\/posts"}],"about":[{"href":"https:\/\/librairiemoderne.com\/index.php?rest_route=\/wp\/v2\/types\/post"}],"author":[{"embeddable":true,"href":"https:\/\/librairiemoderne.com\/index.php?rest_route=\/wp\/v2\/users\/2"}],"replies":[{"embeddable":true,"href":"https:\/\/librairiemoderne.com\/index.php?rest_route=%2Fwp%2Fv2%2Fcomments&post=1053"}],"version-history":[{"count":0,"href":"https:\/\/librairiemoderne.com\/index.php?rest_route=\/wp\/v2\/posts\/1053\/revisions"}],"wp:attachment":[{"href":"https:\/\/librairiemoderne.com\/index.php?rest_route=%2Fwp%2Fv2%2Fmedia&parent=1053"}],"wp:term":[{"taxonomy":"category","embeddable":true,"href":"https:\/\/librairiemoderne.com\/index.php?rest_route=%2Fwp%2Fv2%2Fcategories&post=1053"},{"taxonomy":"post_tag","embeddable":true,"href":"https:\/\/librairiemoderne.com\/index.php?rest_route=%2Fwp%2Fv2%2Ftags&post=1053"}],"curies":[{"name":"wp","href":"https:\/\/api.w.org\/{rel}","templated":true}]}}