{"id":1257,"date":"2015-05-24T02:42:20","date_gmt":"2015-05-24T02:42:20","guid":{"rendered":"http:\/\/librairiemoderne.com\/?p=1257"},"modified":"2015-05-24T02:42:20","modified_gmt":"2015-05-24T02:42:20","slug":"marie-lasnier-en-librairie-2","status":"publish","type":"post","link":"https:\/\/librairiemoderne.com\/?p=1257","title":{"rendered":"Marie Lasnier en librairie"},"content":{"rendered":"<p><strong>Samedi le 30 mai, de 10 \u00e0 15h.<\/strong><\/p>\n<p>Nous avons le plaisir de recevoir Marie Lasnier, une auteure de Saint-Jean, pour une s\u00e9ance de signatures. Elle se fera un plaisir de d\u00e9dicacer son nouveau livre pour enfants, Croque-Tout. Vous aurez aussi l&rsquo;occasion de d\u00e9couvrir ses autres livres et de discuter avec l&rsquo;auteure.<\/p>\n<p>Bienvenue \u00e0 tous!<\/p>\n<p><strong><a href=\"https:\/\/librairiemoderne.com\/wp-content\/uploads\/2015\/04\/image4.jpg\"><img loading=\"lazy\" decoding=\"async\" class=\"alignnone wp-image-1072\" src=\"https:\/\/librairiemoderne.com\/wp-content\/uploads\/2015\/04\/image4.jpg\" alt=\"image\" width=\"180\" height=\"210\" \/><\/a><a href=\"https:\/\/librairiemoderne.com\/wp-content\/uploads\/2015\/05\/image8.jpg\"><img loading=\"lazy\" decoding=\"async\" class=\"alignnone wp-image-1266\" src=\"https:\/\/librairiemoderne.com\/wp-content\/uploads\/2015\/05\/image8.jpg\" alt=\"image\" width=\"136\" height=\"210\" \/> <\/a><a href=\"https:\/\/librairiemoderne.com\/wp-content\/uploads\/2015\/05\/image9.jpg\"><img loading=\"lazy\" decoding=\"async\" class=\"alignnone wp-image-1267\" src=\"https:\/\/librairiemoderne.com\/wp-content\/uploads\/2015\/05\/image9.jpg\" alt=\"image\" width=\"136\" height=\"210\" \/><\/a><\/strong><\/p>\n<p>&nbsp;<\/p>\n<p>&nbsp;<\/p>\n<p>&nbsp;<\/p>\n<p>&nbsp;<\/p>\n<p>&nbsp;<\/p>\n","protected":false},"excerpt":{"rendered":"<p>Samedi le 30 mai, de 10 \u00e0 15h. Nous avons le plaisir de recevoir Marie Lasnier, une auteure de Saint-Jean, pour une s\u00e9ance de signatures. Elle se fera un plaisir de d\u00e9dicacer son nouveau livre pour enfants, Croque-Tout. Vous aurez aussi l&rsquo;occasion de d\u00e9couvrir ses autres livres et de discuter avec l&rsquo;auteure. Bienvenue \u00e0 tous! &nbsp; &nbsp; &nbsp; &nbsp; &nbsp;<\/p>\n","protected":false},"author":2,"featured_media":1060,"comment_status":"closed","ping_status":"closed","sticky":false,"template":"","format":"standard","meta":{"footnotes":""},"categories":[93],"tags":[],"class_list":["post-1257","post","type-post","status-publish","format-standard","has-post-thumbnail","hentry","category-evenements-a-venir"],"_links":{"self":[{"href":"https:\/\/librairiemoderne.com\/index.php?rest_route=\/wp\/v2\/posts\/1257","targetHints":{"allow":["GET"]}}],"collection":[{"href":"https:\/\/librairiemoderne.com\/index.php?rest_route=\/wp\/v2\/posts"}],"about":[{"href":"https:\/\/librairiemoderne.com\/index.php?rest_route=\/wp\/v2\/types\/post"}],"author":[{"embeddable":true,"href":"https:\/\/librairiemoderne.com\/index.php?rest_route=\/wp\/v2\/users\/2"}],"replies":[{"embeddable":true,"href":"https:\/\/librairiemoderne.com\/index.php?rest_route=%2Fwp%2Fv2%2Fcomments&post=1257"}],"version-history":[{"count":0,"href":"https:\/\/librairiemoderne.com\/index.php?rest_route=\/wp\/v2\/posts\/1257\/revisions"}],"wp:featuredmedia":[{"embeddable":true,"href":"https:\/\/librairiemoderne.com\/index.php?rest_route=\/wp\/v2\/media\/1060"}],"wp:attachment":[{"href":"https:\/\/librairiemoderne.com\/index.php?rest_route=%2Fwp%2Fv2%2Fmedia&parent=1257"}],"wp:term":[{"taxonomy":"category","embeddable":true,"href":"https:\/\/librairiemoderne.com\/index.php?rest_route=%2Fwp%2Fv2%2Fcategories&post=1257"},{"taxonomy":"post_tag","embeddable":true,"href":"https:\/\/librairiemoderne.com\/index.php?rest_route=%2Fwp%2Fv2%2Ftags&post=1257"}],"curies":[{"name":"wp","href":"https:\/\/api.w.org\/{rel}","templated":true}]}}