{"id":1489,"date":"2015-06-10T03:25:53","date_gmt":"2015-06-10T03:25:53","guid":{"rendered":"http:\/\/librairiemoderne.com\/?p=1489"},"modified":"2015-07-26T20:45:38","modified_gmt":"2015-07-26T20:45:38","slug":"je-hais-les-vacances","status":"publish","type":"post","link":"https:\/\/librairiemoderne.com\/?p=1489","title":{"rendered":"Je hais les vacances"},"content":{"rendered":"<p><a href=\"https:\/\/librairiemoderne.com\/wp-content\/uploads\/2014\/10\/mini-passionnes.png\"><img loading=\"lazy\" decoding=\"async\" class=\"alignnone wp-image-238\" src=\"https:\/\/librairiemoderne.com\/wp-content\/uploads\/2014\/10\/mini-passionnes.png\" alt=\"mini passionnes\" width=\"128\" height=\"40\" srcset=\"https:\/\/librairiemoderne.com\/wp-content\/uploads\/2014\/10\/mini-passionnes.png 694w, https:\/\/librairiemoderne.com\/wp-content\/uploads\/2014\/10\/mini-passionnes-300x93.png 300w\" sizes=\"auto, (max-width: 128px) 100vw, 128px\" \/><br \/>\n<\/a><strong><a href=\"http:\/\/moderne.leslibraires.ca\/livres\/hais-les-vacances-jean-marc-mathis-9782330031664.html\">Je hais les vacances<\/a><\/strong>,<em>\u00a0Jean-Marc Mathis, Actes Sud junior, coll. Encore une fois, 48 p., 8,95$<\/em><\/p>\n<p>Deux enfants turbulents, deux parents ext\u00e9nu\u00e9s, VIVE LES VACANCES! R\u00e9veill\u00e9s \u00e0 l\u2019aube, Sacha et Jacqueline embarquent dans la voiture avec leurs parents et leur chien (?) vers leur destination estivale. En cours de route, Jacqueline constate que le chien N\u2019EST PAS avec eux! Malheur! Devant le laxisme des enfants face aux soins \u00e0 prodiguer au chien, le p\u00e8re a d\u00e9cid\u00e9 de leur faire accroire que la b\u00eate ador\u00e9e a \u00e9t\u00e9 abandonn\u00e9e. Le mensonge ne tiendra pas longtemps la route, mais les enfants, eux, auront appris leur le\u00e7on.<br \/>\nUne histoire qui finit bien.<\/p>\n<p><em>Un coup de coeur de Louise V\u00e9giard, libraire<\/em><\/p>\n","protected":false},"excerpt":{"rendered":"<p>Je hais les vacances,\u00a0Jean-Marc Mathis, Actes Sud junior, coll. Encore une fois, 48 p., 8,95$ Deux enfants turbulents, deux parents ext\u00e9nu\u00e9s, VIVE LES VACANCES! R\u00e9veill\u00e9s \u00e0 l\u2019aube, Sacha et Jacqueline embarquent dans la voiture avec leurs parents et leur chien (?) vers leur destination estivale. En cours de route, Jacqueline constate que le chien N\u2019EST PAS avec eux! Malheur! Devant [&#8230;]<\/p>\n","protected":false},"author":2,"featured_media":1490,"comment_status":"closed","ping_status":"closed","sticky":false,"template":"","format":"standard","meta":{"footnotes":""},"categories":[3],"tags":[298,226,299,300,88],"class_list":["post-1489","post","type-post","status-publish","format-standard","has-post-thumbnail","hentry","category-coup-de-coeur","tag-actes-sud-junior","tag-bande-dessinee-jeunesse","tag-collection-encore-une-fois","tag-jean-marc-mathis","tag-louise-vegiard"],"_links":{"self":[{"href":"https:\/\/librairiemoderne.com\/index.php?rest_route=\/wp\/v2\/posts\/1489","targetHints":{"allow":["GET"]}}],"collection":[{"href":"https:\/\/librairiemoderne.com\/index.php?rest_route=\/wp\/v2\/posts"}],"about":[{"href":"https:\/\/librairiemoderne.com\/index.php?rest_route=\/wp\/v2\/types\/post"}],"author":[{"embeddable":true,"href":"https:\/\/librairiemoderne.com\/index.php?rest_route=\/wp\/v2\/users\/2"}],"replies":[{"embeddable":true,"href":"https:\/\/librairiemoderne.com\/index.php?rest_route=%2Fwp%2Fv2%2Fcomments&post=1489"}],"version-history":[{"count":0,"href":"https:\/\/librairiemoderne.com\/index.php?rest_route=\/wp\/v2\/posts\/1489\/revisions"}],"wp:featuredmedia":[{"embeddable":true,"href":"https:\/\/librairiemoderne.com\/index.php?rest_route=\/wp\/v2\/media\/1490"}],"wp:attachment":[{"href":"https:\/\/librairiemoderne.com\/index.php?rest_route=%2Fwp%2Fv2%2Fmedia&parent=1489"}],"wp:term":[{"taxonomy":"category","embeddable":true,"href":"https:\/\/librairiemoderne.com\/index.php?rest_route=%2Fwp%2Fv2%2Fcategories&post=1489"},{"taxonomy":"post_tag","embeddable":true,"href":"https:\/\/librairiemoderne.com\/index.php?rest_route=%2Fwp%2Fv2%2Ftags&post=1489"}],"curies":[{"name":"wp","href":"https:\/\/api.w.org\/{rel}","templated":true}]}}