{"id":1888,"date":"2015-08-11T23:50:34","date_gmt":"2015-08-11T23:50:34","guid":{"rendered":"http:\/\/librairiemoderne.com\/?p=1888"},"modified":"2015-08-11T23:50:34","modified_gmt":"2015-08-11T23:50:34","slug":"la-langue-rapaillee","status":"publish","type":"post","link":"https:\/\/librairiemoderne.com\/?p=1888","title":{"rendered":"La langue rapaill\u00e9e"},"content":{"rendered":"<p><a href=\"https:\/\/librairiemoderne.com\/wp-content\/uploads\/2014\/10\/mini-passionnes.png\"><img loading=\"lazy\" decoding=\"async\" class=\"alignnone wp-image-238\" src=\"https:\/\/librairiemoderne.com\/wp-content\/uploads\/2014\/10\/mini-passionnes.png\" alt=\"mini passionnes\" width=\"128\" height=\"40\" srcset=\"https:\/\/librairiemoderne.com\/wp-content\/uploads\/2014\/10\/mini-passionnes.png 694w, https:\/\/librairiemoderne.com\/wp-content\/uploads\/2014\/10\/mini-passionnes-300x93.png 300w\" sizes=\"auto, (max-width: 128px) 100vw, 128px\" \/><br \/>\n<\/a><strong><a href=\"http:\/\/moderne.leslibraires.ca\/livres\/langue-rapaillee-combattre-insecurite-linguistique-quebecois-anne-marie-beaudoin-begin-9782924283837.html\">La langue rapaill\u00e9e<\/a><\/strong>,<em> Anne-Marie Beaudoin-B\u00e9gin, Somme toute, 120 p., 12,95$<\/em><\/p>\n<p>Un vent de fra\u00eecheur que cet opuscule qui honore notre langue qu\u00e9b\u00e9coise! Anne-Marie Beaudoin-B\u00e9gin secoue les puces du fran\u00e7ais, le bouscule et propose, avec intelligence et clart\u00e9, de revendiquer notre variante qu\u00e9b\u00e9coise, de s&rsquo;\u00e9loigner des dogmes sacro-saints de la France. Voici un livre porteur de discussions, d&rsquo;\u00e9changes, fier \u00e9tendard de notre culture, qui hurle avec verve de nous tenir debout.<\/p>\n<p><i>Un coup de coeur de Chantal Fontaine, libraire<\/i><\/p>\n","protected":false},"excerpt":{"rendered":"<p>La langue rapaill\u00e9e, Anne-Marie Beaudoin-B\u00e9gin, Somme toute, 120 p., 12,95$ Un vent de fra\u00eecheur que cet opuscule qui honore notre langue qu\u00e9b\u00e9coise! Anne-Marie Beaudoin-B\u00e9gin secoue les puces du fran\u00e7ais, le bouscule et propose, avec intelligence et clart\u00e9, de revendiquer notre variante qu\u00e9b\u00e9coise, de s&rsquo;\u00e9loigner des dogmes sacro-saints de la France. Voici un livre porteur de discussions, d&rsquo;\u00e9changes, fier \u00e9tendard de [&#8230;]<\/p>\n","protected":false},"author":2,"featured_media":1887,"comment_status":"closed","ping_status":"closed","sticky":false,"template":"","format":"standard","meta":{"footnotes":""},"categories":[3],"tags":[324,186,90,65,325,323],"class_list":["post-1888","post","type-post","status-publish","format-standard","has-post-thumbnail","hentry","category-coup-de-coeur","tag-anne-marie-beaudoin-begin","tag-auteur-quebecois","tag-chantal-fontaine","tag-essai","tag-langue-francaise","tag-somme-toute"],"_links":{"self":[{"href":"https:\/\/librairiemoderne.com\/index.php?rest_route=\/wp\/v2\/posts\/1888","targetHints":{"allow":["GET"]}}],"collection":[{"href":"https:\/\/librairiemoderne.com\/index.php?rest_route=\/wp\/v2\/posts"}],"about":[{"href":"https:\/\/librairiemoderne.com\/index.php?rest_route=\/wp\/v2\/types\/post"}],"author":[{"embeddable":true,"href":"https:\/\/librairiemoderne.com\/index.php?rest_route=\/wp\/v2\/users\/2"}],"replies":[{"embeddable":true,"href":"https:\/\/librairiemoderne.com\/index.php?rest_route=%2Fwp%2Fv2%2Fcomments&post=1888"}],"version-history":[{"count":0,"href":"https:\/\/librairiemoderne.com\/index.php?rest_route=\/wp\/v2\/posts\/1888\/revisions"}],"wp:featuredmedia":[{"embeddable":true,"href":"https:\/\/librairiemoderne.com\/index.php?rest_route=\/wp\/v2\/media\/1887"}],"wp:attachment":[{"href":"https:\/\/librairiemoderne.com\/index.php?rest_route=%2Fwp%2Fv2%2Fmedia&parent=1888"}],"wp:term":[{"taxonomy":"category","embeddable":true,"href":"https:\/\/librairiemoderne.com\/index.php?rest_route=%2Fwp%2Fv2%2Fcategories&post=1888"},{"taxonomy":"post_tag","embeddable":true,"href":"https:\/\/librairiemoderne.com\/index.php?rest_route=%2Fwp%2Fv2%2Ftags&post=1888"}],"curies":[{"name":"wp","href":"https:\/\/api.w.org\/{rel}","templated":true}]}}