{"id":1957,"date":"2015-09-06T03:29:19","date_gmt":"2015-09-06T03:29:19","guid":{"rendered":"http:\/\/librairiemoderne.com\/?p=1957"},"modified":"2015-09-19T20:13:43","modified_gmt":"2015-09-19T20:13:43","slug":"une-visite-de-valerie-fontaine","status":"publish","type":"post","link":"https:\/\/librairiemoderne.com\/?p=1957","title":{"rendered":"Une visite de Val\u00e9rie Fontaine!"},"content":{"rendered":"<p><a href=\"http:\/\/moderne.leslibraires.ca\/livres\/demande-et-recois-pierre-morency-9782897090555.html\"><img loading=\"lazy\" decoding=\"async\" class=\"size-full wp-image-1959 alignleft\" src=\"https:\/\/librairiemoderne.com\/wp-content\/uploads\/2015\/09\/demande.jpg\" alt=\"demande\" width=\"180\" height=\"270\" \/><\/a><a href=\"https:\/\/librairiemoderne.com\/wp-content\/uploads\/2014\/10\/mini-unis-e1432406398778.png\"><img loading=\"lazy\" decoding=\"async\" class=\"alignnone size-full wp-image-242\" src=\"https:\/\/librairiemoderne.com\/wp-content\/uploads\/2014\/10\/mini-unis-e1432406398778.png\" alt=\"mini unis\" width=\"128\" height=\"40\" \/><\/a><br \/>\n<strong>Samedi le 19 septembre, d\u00e8s 13 h<\/strong><\/p>\n<p>La Librairie Moderne est tr\u00e8s heureuse d&rsquo;accueillir \u00e0 nouveau <a href=\"http:\/\/moderne.leslibraires.ca\/recherche\/?s=Val\u00e9rie+Fontaine\">Val\u00e9rie Fontaine<\/a>, une auteure bien de chez nous. Outre ses talents litt\u00e9raires, elle propose aussi aux enfants des animations fort courues sur ses albums et sur la litt\u00e9rature jeunesse en g\u00e9n\u00e9ral.<\/p>\n<p>Val\u00e9rie Fontaine nous pr\u00e9sente cette fois-ci <a href=\"http:\/\/moderne.leslibraires.ca\/livres\/demande-et-recois-pierre-morency-9782897090555.html\">Demande et re\u00e7ois<\/a>, une adaptation du c\u00e9l\u00e8bre livre de Pierre Morency, Demandez et vous recevrez. Elle se fera un plaisir de discuter avec vous et de d\u00e9dicacer votre exemplaire.<\/p>\n<p>C&rsquo;est un rendez-vous!<\/p>\n<p>&nbsp;<\/p>\n<p>&nbsp;<\/p>\n","protected":false},"excerpt":{"rendered":"<p>Samedi le 19 septembre, d\u00e8s 13 h La Librairie Moderne est tr\u00e8s heureuse d&rsquo;accueillir \u00e0 nouveau Val\u00e9rie Fontaine, une auteure bien de chez nous. Outre ses talents litt\u00e9raires, elle propose aussi aux enfants des animations fort courues sur ses albums et sur la litt\u00e9rature jeunesse en g\u00e9n\u00e9ral. Val\u00e9rie Fontaine nous pr\u00e9sente cette fois-ci Demande et re\u00e7ois, une adaptation du c\u00e9l\u00e8bre [&#8230;]<\/p>\n","protected":false},"author":2,"featured_media":1964,"comment_status":"closed","ping_status":"closed","sticky":false,"template":"","format":"standard","meta":{"footnotes":""},"categories":[93],"tags":[102],"class_list":["post-1957","post","type-post","status-publish","format-standard","has-post-thumbnail","hentry","category-evenements-a-venir","tag-valerie-fontaine"],"_links":{"self":[{"href":"https:\/\/librairiemoderne.com\/index.php?rest_route=\/wp\/v2\/posts\/1957","targetHints":{"allow":["GET"]}}],"collection":[{"href":"https:\/\/librairiemoderne.com\/index.php?rest_route=\/wp\/v2\/posts"}],"about":[{"href":"https:\/\/librairiemoderne.com\/index.php?rest_route=\/wp\/v2\/types\/post"}],"author":[{"embeddable":true,"href":"https:\/\/librairiemoderne.com\/index.php?rest_route=\/wp\/v2\/users\/2"}],"replies":[{"embeddable":true,"href":"https:\/\/librairiemoderne.com\/index.php?rest_route=%2Fwp%2Fv2%2Fcomments&post=1957"}],"version-history":[{"count":0,"href":"https:\/\/librairiemoderne.com\/index.php?rest_route=\/wp\/v2\/posts\/1957\/revisions"}],"wp:featuredmedia":[{"embeddable":true,"href":"https:\/\/librairiemoderne.com\/index.php?rest_route=\/wp\/v2\/media\/1964"}],"wp:attachment":[{"href":"https:\/\/librairiemoderne.com\/index.php?rest_route=%2Fwp%2Fv2%2Fmedia&parent=1957"}],"wp:term":[{"taxonomy":"category","embeddable":true,"href":"https:\/\/librairiemoderne.com\/index.php?rest_route=%2Fwp%2Fv2%2Fcategories&post=1957"},{"taxonomy":"post_tag","embeddable":true,"href":"https:\/\/librairiemoderne.com\/index.php?rest_route=%2Fwp%2Fv2%2Ftags&post=1957"}],"curies":[{"name":"wp","href":"https:\/\/api.w.org\/{rel}","templated":true}]}}