{"id":1978,"date":"2015-09-07T19:33:55","date_gmt":"2015-09-07T19:33:55","guid":{"rendered":"http:\/\/librairiemoderne.com\/?p=1978"},"modified":"2015-10-08T00:37:03","modified_gmt":"2015-10-08T00:37:03","slug":"veronique-millette-marion-provencher-et-anne-marie-santerre-en-librairie","status":"publish","type":"post","link":"https:\/\/librairiemoderne.com\/?p=1978","title":{"rendered":"V\u00e9ronique Millette, Marion Provencher et Anne-Marie Santerre en librairie!"},"content":{"rendered":"<p><a href=\"https:\/\/librairiemoderne.com\/wp-content\/uploads\/2014\/10\/mini-unis-e1432406398778.png\"><img loading=\"lazy\" decoding=\"async\" class=\"alignnone size-full wp-image-242\" src=\"https:\/\/librairiemoderne.com\/wp-content\/uploads\/2014\/10\/mini-unis-e1432406398778.png\" alt=\"mini unis\" width=\"128\" height=\"40\" \/><\/a><br \/>\n<strong>Samedi le 26 septembre, d\u00e8s 13 h<br \/>\n<\/strong><\/p>\n<p>La Librairie Moderne est fi\u00e8re de recevoir le trio d&rsquo;auteures \u00e0 l&rsquo;origine du roman <a href=\"http:\/\/moderne.leslibraires.ca\/livres\/27-mai-veronique-miclette-9782764810880.html\">27 mai<\/a>, publi\u00e9 ce printemps chez Libre Expression. Ainsi, V\u00e9ronique Millette, Marion Provencher et Anne-Marie Santerre seront parmi nous pour une s\u00e9ance de d\u00e9dicaces. Originaires de St-Jean, les trois jeunes femmes, amies depuis longtemps, se sont r\u00e9unies le temps d&rsquo;un roman. C&rsquo;est un plaisir que de les accueillir!<\/p>\n<p>&nbsp;<\/p>\n","protected":false},"excerpt":{"rendered":"<p>Samedi le 26 septembre, d\u00e8s 13 h La Librairie Moderne est fi\u00e8re de recevoir le trio d&rsquo;auteures \u00e0 l&rsquo;origine du roman 27 mai, publi\u00e9 ce printemps chez Libre Expression. Ainsi, V\u00e9ronique Millette, Marion Provencher et Anne-Marie Santerre seront parmi nous pour une s\u00e9ance de d\u00e9dicaces. Originaires de St-Jean, les trois jeunes femmes, amies depuis longtemps, se sont r\u00e9unies le temps [&#8230;]<\/p>\n","protected":false},"author":2,"featured_media":2005,"comment_status":"closed","ping_status":"closed","sticky":false,"template":"","format":"standard","meta":{"footnotes":""},"categories":[93],"tags":[],"class_list":["post-1978","post","type-post","status-publish","format-standard","has-post-thumbnail","hentry","category-evenements-a-venir"],"_links":{"self":[{"href":"https:\/\/librairiemoderne.com\/index.php?rest_route=\/wp\/v2\/posts\/1978","targetHints":{"allow":["GET"]}}],"collection":[{"href":"https:\/\/librairiemoderne.com\/index.php?rest_route=\/wp\/v2\/posts"}],"about":[{"href":"https:\/\/librairiemoderne.com\/index.php?rest_route=\/wp\/v2\/types\/post"}],"author":[{"embeddable":true,"href":"https:\/\/librairiemoderne.com\/index.php?rest_route=\/wp\/v2\/users\/2"}],"replies":[{"embeddable":true,"href":"https:\/\/librairiemoderne.com\/index.php?rest_route=%2Fwp%2Fv2%2Fcomments&post=1978"}],"version-history":[{"count":0,"href":"https:\/\/librairiemoderne.com\/index.php?rest_route=\/wp\/v2\/posts\/1978\/revisions"}],"wp:featuredmedia":[{"embeddable":true,"href":"https:\/\/librairiemoderne.com\/index.php?rest_route=\/wp\/v2\/media\/2005"}],"wp:attachment":[{"href":"https:\/\/librairiemoderne.com\/index.php?rest_route=%2Fwp%2Fv2%2Fmedia&parent=1978"}],"wp:term":[{"taxonomy":"category","embeddable":true,"href":"https:\/\/librairiemoderne.com\/index.php?rest_route=%2Fwp%2Fv2%2Fcategories&post=1978"},{"taxonomy":"post_tag","embeddable":true,"href":"https:\/\/librairiemoderne.com\/index.php?rest_route=%2Fwp%2Fv2%2Ftags&post=1978"}],"curies":[{"name":"wp","href":"https:\/\/api.w.org\/{rel}","templated":true}]}}