{"id":2026,"date":"2015-09-29T14:26:11","date_gmt":"2015-09-29T14:26:11","guid":{"rendered":"http:\/\/librairiemoderne.com\/?p=2026"},"modified":"2015-11-15T20:50:15","modified_gmt":"2015-11-15T20:50:15","slug":"alain-samson-en-librairie","status":"publish","type":"post","link":"https:\/\/librairiemoderne.com\/?p=2026","title":{"rendered":"Alain Samson en librairie!"},"content":{"rendered":"<p><strong><a href=\"http:\/\/moderne.leslibraires.ca\/livres\/la-vie-est-trop-courte-alain-samson-9782890927315.html\"><img loading=\"lazy\" decoding=\"async\" class=\"alignnone wp-image-2041 size-medium\" src=\"https:\/\/librairiemoderne.com\/wp-content\/uploads\/2015\/09\/samson-198x300.jpg\" alt=\"samson\" width=\"198\" height=\"300\" srcset=\"https:\/\/librairiemoderne.com\/wp-content\/uploads\/2015\/09\/samson-198x300.jpg 198w, https:\/\/librairiemoderne.com\/wp-content\/uploads\/2015\/09\/samson.jpg 600w\" sizes=\"auto, (max-width: 198px) 100vw, 198px\" \/><\/a><br \/>\n<\/strong><\/p>\n<p><strong>Samedi le 10 octobre d\u00e8s 13 h<\/strong><\/p>\n<p>La Librairie Moderne est heureuse de recevoir pour une s\u00e9ance de d\u00e9dicaces Alain Samson, un auteur prolifique de notre r\u00e9gion. Il nous pr\u00e9sentera son dernier livre, <a href=\"http:\/\/moderne.leslibraires.ca\/livres\/la-vie-est-trop-courte-alain-samson-9782890927315.html\">La vie est trop courte<\/a>.<\/p>\n<p>Alain Samson est auteur, conf\u00e9rencier, coach de vie et formateur en management. Il se sp\u00e9cialise dans le bien-\u00eatre au travail. Avec de nombreux livres \u00e0 son actif, M. Samson sait transmettre ses connaissances avec aplomb et humour.<\/p>\n<p>C&rsquo;est un rendez-vous!<\/p>\n<p>&nbsp;<\/p>\n","protected":false},"excerpt":{"rendered":"<p>Samedi le 10 octobre d\u00e8s 13 h La Librairie Moderne est heureuse de recevoir pour une s\u00e9ance de d\u00e9dicaces Alain Samson, un auteur prolifique de notre r\u00e9gion. Il nous pr\u00e9sentera son dernier livre, La vie est trop courte. Alain Samson est auteur, conf\u00e9rencier, coach de vie et formateur en management. Il se sp\u00e9cialise dans le bien-\u00eatre au travail. Avec de [&#8230;]<\/p>\n","protected":false},"author":2,"featured_media":2030,"comment_status":"closed","ping_status":"closed","sticky":false,"template":"","format":"standard","meta":{"footnotes":""},"categories":[93],"tags":[],"class_list":["post-2026","post","type-post","status-publish","format-standard","has-post-thumbnail","hentry","category-evenements-a-venir"],"_links":{"self":[{"href":"https:\/\/librairiemoderne.com\/index.php?rest_route=\/wp\/v2\/posts\/2026","targetHints":{"allow":["GET"]}}],"collection":[{"href":"https:\/\/librairiemoderne.com\/index.php?rest_route=\/wp\/v2\/posts"}],"about":[{"href":"https:\/\/librairiemoderne.com\/index.php?rest_route=\/wp\/v2\/types\/post"}],"author":[{"embeddable":true,"href":"https:\/\/librairiemoderne.com\/index.php?rest_route=\/wp\/v2\/users\/2"}],"replies":[{"embeddable":true,"href":"https:\/\/librairiemoderne.com\/index.php?rest_route=%2Fwp%2Fv2%2Fcomments&post=2026"}],"version-history":[{"count":0,"href":"https:\/\/librairiemoderne.com\/index.php?rest_route=\/wp\/v2\/posts\/2026\/revisions"}],"wp:featuredmedia":[{"embeddable":true,"href":"https:\/\/librairiemoderne.com\/index.php?rest_route=\/wp\/v2\/media\/2030"}],"wp:attachment":[{"href":"https:\/\/librairiemoderne.com\/index.php?rest_route=%2Fwp%2Fv2%2Fmedia&parent=2026"}],"wp:term":[{"taxonomy":"category","embeddable":true,"href":"https:\/\/librairiemoderne.com\/index.php?rest_route=%2Fwp%2Fv2%2Fcategories&post=2026"},{"taxonomy":"post_tag","embeddable":true,"href":"https:\/\/librairiemoderne.com\/index.php?rest_route=%2Fwp%2Fv2%2Ftags&post=2026"}],"curies":[{"name":"wp","href":"https:\/\/api.w.org\/{rel}","templated":true}]}}