{"id":2072,"date":"2017-11-24T10:07:31","date_gmt":"2017-11-24T10:07:31","guid":{"rendered":"http:\/\/librairiemoderne.com\/?p=2072"},"modified":"2017-12-16T00:52:38","modified_gmt":"2017-12-16T00:52:38","slug":"dany-giroux-et-lalliance-chez-nous","status":"publish","type":"post","link":"https:\/\/librairiemoderne.com\/?p=2072","title":{"rendered":"Dany Giroux et L&rsquo;Alliance chez nous!"},"content":{"rendered":"<p><strong>Samedi le 9 d\u00e9cembre, de 10h30 \u00e0 14h30<br \/>\n<\/strong><\/p>\n<p>Dany Giroux a eu le courage de r\u00e9aliser ses r\u00eaves et a \u00e9crit une s\u00e9rie de trois bandes dessin\u00e9es. Avec sa conjointe Genevi\u00e8ve F. Brunelle, il a fond\u00e9 sa propre maison d&rsquo;\u00e9dition, JDG. Sc\u00e9naris\u00e9e par Dany, illustr\u00e9e par Patrick Blanchette et color\u00e9e par Mika\u00ebl B\u00e9dard, L&rsquo;Alliance est une histoire de super h\u00e9ros. Vous y reconna\u00eetrez m\u00eame certains lieux de Saint-Jean&#8230; \u00c0 vous de les d\u00e9couvrir!<\/p>\n<p>La Librairie Moderne est fi\u00e8re d&rsquo;encourager ce jeune auteur et son \u00e9quipe. Ainsi, nous recevrons Dany Giroux pour une s\u00e9ance de d\u00e9dicaces samedi le 9 d\u00e9cembre de 10h30 \u00e0 14h30. C&rsquo;est un rendez-vous!<\/p>\n<p>Soyez nombreux!<\/p>\n<p>&nbsp;<\/p>\n","protected":false},"excerpt":{"rendered":"<p>Samedi le 9 d\u00e9cembre, de 10h30 \u00e0 14h30 Dany Giroux a eu le courage de r\u00e9aliser ses r\u00eaves et a \u00e9crit une s\u00e9rie de trois bandes dessin\u00e9es. Avec sa conjointe Genevi\u00e8ve F. Brunelle, il a fond\u00e9 sa propre maison d&rsquo;\u00e9dition, JDG. Sc\u00e9naris\u00e9e par Dany, illustr\u00e9e par Patrick Blanchette et color\u00e9e par Mika\u00ebl B\u00e9dard, L&rsquo;Alliance est une histoire de super h\u00e9ros. [&#8230;]<\/p>\n","protected":false},"author":2,"featured_media":2081,"comment_status":"closed","ping_status":"closed","sticky":false,"template":"","format":"standard","meta":{"footnotes":""},"categories":[93],"tags":[],"class_list":["post-2072","post","type-post","status-publish","format-standard","has-post-thumbnail","hentry","category-evenements-a-venir"],"_links":{"self":[{"href":"https:\/\/librairiemoderne.com\/index.php?rest_route=\/wp\/v2\/posts\/2072","targetHints":{"allow":["GET"]}}],"collection":[{"href":"https:\/\/librairiemoderne.com\/index.php?rest_route=\/wp\/v2\/posts"}],"about":[{"href":"https:\/\/librairiemoderne.com\/index.php?rest_route=\/wp\/v2\/types\/post"}],"author":[{"embeddable":true,"href":"https:\/\/librairiemoderne.com\/index.php?rest_route=\/wp\/v2\/users\/2"}],"replies":[{"embeddable":true,"href":"https:\/\/librairiemoderne.com\/index.php?rest_route=%2Fwp%2Fv2%2Fcomments&post=2072"}],"version-history":[{"count":0,"href":"https:\/\/librairiemoderne.com\/index.php?rest_route=\/wp\/v2\/posts\/2072\/revisions"}],"wp:featuredmedia":[{"embeddable":true,"href":"https:\/\/librairiemoderne.com\/index.php?rest_route=\/wp\/v2\/media\/2081"}],"wp:attachment":[{"href":"https:\/\/librairiemoderne.com\/index.php?rest_route=%2Fwp%2Fv2%2Fmedia&parent=2072"}],"wp:term":[{"taxonomy":"category","embeddable":true,"href":"https:\/\/librairiemoderne.com\/index.php?rest_route=%2Fwp%2Fv2%2Fcategories&post=2072"},{"taxonomy":"post_tag","embeddable":true,"href":"https:\/\/librairiemoderne.com\/index.php?rest_route=%2Fwp%2Fv2%2Ftags&post=2072"}],"curies":[{"name":"wp","href":"https:\/\/api.w.org\/{rel}","templated":true}]}}