{"id":2213,"date":"2015-11-09T19:18:11","date_gmt":"2015-11-09T19:18:11","guid":{"rendered":"http:\/\/librairiemoderne.com\/?p=2213"},"modified":"2015-11-09T19:18:11","modified_gmt":"2015-11-09T19:18:11","slug":"des-auteurs-en-visite-le-12-le-14-et-le-15-novembre","status":"publish","type":"post","link":"https:\/\/librairiemoderne.com\/?p=2213","title":{"rendered":"Des auteurs en visite le 12, le 14 et le 15 novembre!"},"content":{"rendered":"<p><a href=\"https:\/\/librairiemoderne.com\/wp-content\/uploads\/2014\/10\/mini-unis-e1432406398778.png\"><img loading=\"lazy\" decoding=\"async\" class=\"alignnone size-full wp-image-242\" src=\"https:\/\/librairiemoderne.com\/wp-content\/uploads\/2014\/10\/mini-unis-e1432406398778.png\" alt=\"mini unis\" width=\"128\" height=\"40\" \/><\/a><\/p>\n<p>La Librairie Moderne a le plaisir de recevoir pas moins de 3 auteurs cette semaine! Fi\u00e8re de ces personnes qui contribuent, chacun \u00e0 leur fa\u00e7on, \u00e0 faire rayonner la culture locale, la librairie a \u00e0 coeur cet \u00e9lan litt\u00e9raire et leur c\u00e8de volontiers un espace afin de se faire conna\u00eetre. Soyez nombreux \u00e0 venir leur serrer la pince!<\/p>\n<p>Jeudi le 12 novembre, de 17 \u00e0 20 h<br \/>\n<a href=\"http:\/\/moderne.leslibraires.ca\/recherche\/?s=anne+gaydier\">Anne Gaydier<\/a>, Arbre \u00e0 bulles, tome 2<\/p>\n<p>Samedi le 14 novembre, d\u00e8s 13 h<br \/>\n<a href=\"http:\/\/moderne.leslibraires.ca\/livres\/compter-le-prix-bernard-ouellette-9782310023078.html\">Bernard Ouellette<\/a>, Compter le prix<\/p>\n<p>Dimanche le 15 novembre, d\u00e8s 13 h<br \/>\n<a href=\"http:\/\/moderne.leslibraires.ca\/recherche\/?s=robert+blake\">Robert Blake<\/a>, Samuel: conte philosophique<\/p>\n","protected":false},"excerpt":{"rendered":"<p>La Librairie Moderne a le plaisir de recevoir pas moins de 3 auteurs cette semaine! Fi\u00e8re de ces personnes qui contribuent, chacun \u00e0 leur fa\u00e7on, \u00e0 faire rayonner la culture locale, la librairie a \u00e0 coeur cet \u00e9lan litt\u00e9raire et leur c\u00e8de volontiers un espace afin de se faire conna\u00eetre. Soyez nombreux \u00e0 venir leur serrer la pince! Jeudi le [&#8230;]<\/p>\n","protected":false},"author":2,"featured_media":0,"comment_status":"closed","ping_status":"closed","sticky":false,"template":"","format":"standard","meta":{"footnotes":""},"categories":[93],"tags":[],"class_list":["post-2213","post","type-post","status-publish","format-standard","hentry","category-evenements-a-venir"],"_links":{"self":[{"href":"https:\/\/librairiemoderne.com\/index.php?rest_route=\/wp\/v2\/posts\/2213","targetHints":{"allow":["GET"]}}],"collection":[{"href":"https:\/\/librairiemoderne.com\/index.php?rest_route=\/wp\/v2\/posts"}],"about":[{"href":"https:\/\/librairiemoderne.com\/index.php?rest_route=\/wp\/v2\/types\/post"}],"author":[{"embeddable":true,"href":"https:\/\/librairiemoderne.com\/index.php?rest_route=\/wp\/v2\/users\/2"}],"replies":[{"embeddable":true,"href":"https:\/\/librairiemoderne.com\/index.php?rest_route=%2Fwp%2Fv2%2Fcomments&post=2213"}],"version-history":[{"count":0,"href":"https:\/\/librairiemoderne.com\/index.php?rest_route=\/wp\/v2\/posts\/2213\/revisions"}],"wp:attachment":[{"href":"https:\/\/librairiemoderne.com\/index.php?rest_route=%2Fwp%2Fv2%2Fmedia&parent=2213"}],"wp:term":[{"taxonomy":"category","embeddable":true,"href":"https:\/\/librairiemoderne.com\/index.php?rest_route=%2Fwp%2Fv2%2Fcategories&post=2213"},{"taxonomy":"post_tag","embeddable":true,"href":"https:\/\/librairiemoderne.com\/index.php?rest_route=%2Fwp%2Fv2%2Ftags&post=2213"}],"curies":[{"name":"wp","href":"https:\/\/api.w.org\/{rel}","templated":true}]}}