{"id":2225,"date":"2015-11-15T20:42:04","date_gmt":"2015-11-15T20:42:04","guid":{"rendered":"http:\/\/librairiemoderne.com\/?p=2225"},"modified":"2015-11-29T15:36:49","modified_gmt":"2015-11-29T15:36:49","slug":"des-auteurs-qui-nous-visitent-en-novembre","status":"publish","type":"post","link":"https:\/\/librairiemoderne.com\/?p=2225","title":{"rendered":"Des auteurs qui nous visitent en novembre!"},"content":{"rendered":"<p style=\"text-align: center;\"><strong><strong><a href=\"https:\/\/librairiemoderne.com\/wp-content\/uploads\/2015\/11\/richelieu.jpg\"><img loading=\"lazy\" decoding=\"async\" class=\"wp-image-2218 size-medium alignleft\" src=\"https:\/\/librairiemoderne.com\/wp-content\/uploads\/2015\/11\/richelieu-300x237.jpg\" alt=\"richelieu\" width=\"300\" height=\"237\" srcset=\"https:\/\/librairiemoderne.com\/wp-content\/uploads\/2015\/11\/richelieu-300x237.jpg 300w, https:\/\/librairiemoderne.com\/wp-content\/uploads\/2015\/11\/richelieu.jpg 1024w\" sizes=\"auto, (max-width: 300px) 100vw, 300px\" \/><\/a><\/strong><\/strong><strong>Samedi le 21 novembre, d\u00e8s 13 h<br \/>\n<\/strong><strong>Laurent Lucuix, Le Richelieu \u00e0 vol d&rsquo;oiseau<\/strong><\/p>\n<p>Avez-vous consult\u00e9 ce magnifique livre? Le Richelieu \u00e0 vol d&rsquo;oiseau pr\u00e9sente toute la beaut\u00e9 de notre r\u00e9gion vue par l&rsquo;oeil aiguis\u00e9 de Laurent Lucuix. Les photos a\u00e9riennes nous font appr\u00e9cier la Vall\u00e9e du Richelieu \u00e0 sa pleine mesure. Venez rencontrer l&rsquo;auteur qui se fera un plaisir de d\u00e9dicacer son ouvrage!<\/p>\n<hr \/>\n<p><a href=\"https:\/\/librairiemoderne.com\/wp-content\/uploads\/2015\/11\/reichel.jpg\"><img loading=\"lazy\" decoding=\"async\" class=\"wp-image-2223 size-medium alignright\" src=\"https:\/\/librairiemoderne.com\/wp-content\/uploads\/2015\/11\/reichel-300x214.jpg\" alt=\"reichel\" width=\"300\" height=\"214\" srcset=\"https:\/\/librairiemoderne.com\/wp-content\/uploads\/2015\/11\/reichel-300x214.jpg 300w, https:\/\/librairiemoderne.com\/wp-content\/uploads\/2015\/11\/reichel.jpg 632w\" sizes=\"auto, (max-width: 300px) 100vw, 300px\" \/><\/a><strong>Dimanche le 22 novembre, d\u00e8s 13 h<\/strong><br \/>\n<strong>Chantal Reichel, Une fleur \u00e0 la mer<\/strong><\/p>\n<p>Chantal Reichel, tr\u00e8s impliqu\u00e9e dans le milieu litt\u00e9raire de la r\u00e9gion, est entre autres la fondatrice des Publications Plumes et Pinceaux. Auteure de pi\u00e8ces de th\u00e9\u00e2tre et de po\u00e9sie, elle nous pr\u00e9sente ici son premier roman. Soyez nombreux \u00e0 l&rsquo;accueillir!<\/p>\n<hr \/>\n<p><a href=\"https:\/\/librairiemoderne.com\/wp-content\/uploads\/2015\/11\/bonneville.jpg\"><img loading=\"lazy\" decoding=\"async\" class=\"alignleft wp-image-2226 size-thumbnail\" src=\"https:\/\/librairiemoderne.com\/wp-content\/uploads\/2015\/11\/bonneville-150x150.jpg\" alt=\"bonneville\" width=\"150\" height=\"150\" srcset=\"https:\/\/librairiemoderne.com\/wp-content\/uploads\/2015\/11\/bonneville-150x150.jpg 150w, https:\/\/librairiemoderne.com\/wp-content\/uploads\/2015\/11\/bonneville-90x90.jpg 90w, https:\/\/librairiemoderne.com\/wp-content\/uploads\/2015\/11\/bonneville-75x75.jpg 75w\" sizes=\"auto, (max-width: 150px) 100vw, 150px\" \/><\/a><strong>Samedi le 28 novembre, d\u00e8s 13 h<\/strong><br \/>\n<strong>Lise Bonneville, L&rsquo;amour au fil du temps<br \/>\n<\/strong><\/p>\n<p>Nous recevons Lise Bonneville pour une s\u00e9ance de signatures. L&rsquo;auteure de plusieurs livres nous pr\u00e9sente cette fois-ci un essai, L&rsquo;amour au fil du temps. Bienvenue \u00e0 tous!<\/p>\n<hr \/>\n<p><a href=\"https:\/\/librairiemoderne.com\/wp-content\/uploads\/2015\/11\/image14.jpeg\"><img loading=\"lazy\" decoding=\"async\" class=\"wp-image-2229 alignright\" src=\"https:\/\/librairiemoderne.com\/wp-content\/uploads\/2015\/11\/image14-200x300.jpeg\" alt=\"image\" width=\"180\" height=\"270\" srcset=\"https:\/\/librairiemoderne.com\/wp-content\/uploads\/2015\/11\/image14-200x300.jpeg 200w, https:\/\/librairiemoderne.com\/wp-content\/uploads\/2015\/11\/image14.jpeg 323w\" sizes=\"auto, (max-width: 180px) 100vw, 180px\" \/><\/a><strong>Dimanche le 29 novembre, \u00e0 13 h<\/strong><\/p>\n<p><b> <a href=\"http:\/\/moderne.leslibraires.ca\/livres\/clavium-pier-davi-9782924261675.html\">Pier Davi, Clavium<\/a><\/b><\/p>\n<p>Venez rencontrer Pier Davi, musicien, parolier, sc\u00e9nariste et maintenant romancier. L&rsquo;auteur nous pr\u00e9sentera son roman Clavium et se fera un plaisir de le d\u00e9dicacer. C&rsquo;est un rendez-vous!<\/p>\n","protected":false},"excerpt":{"rendered":"<p>Samedi le 21 novembre, d\u00e8s 13 h Laurent Lucuix, Le Richelieu \u00e0 vol d&rsquo;oiseau Avez-vous consult\u00e9 ce magnifique livre? Le Richelieu \u00e0 vol d&rsquo;oiseau pr\u00e9sente toute la beaut\u00e9 de notre r\u00e9gion vue par l&rsquo;oeil aiguis\u00e9 de Laurent Lucuix. Les photos a\u00e9riennes nous font appr\u00e9cier la Vall\u00e9e du Richelieu \u00e0 sa pleine mesure. Venez rencontrer l&rsquo;auteur qui se fera un plaisir [&#8230;]<\/p>\n","protected":false},"author":2,"featured_media":2245,"comment_status":"closed","ping_status":"closed","sticky":false,"template":"","format":"standard","meta":{"footnotes":""},"categories":[93],"tags":[],"class_list":["post-2225","post","type-post","status-publish","format-standard","has-post-thumbnail","hentry","category-evenements-a-venir"],"_links":{"self":[{"href":"https:\/\/librairiemoderne.com\/index.php?rest_route=\/wp\/v2\/posts\/2225","targetHints":{"allow":["GET"]}}],"collection":[{"href":"https:\/\/librairiemoderne.com\/index.php?rest_route=\/wp\/v2\/posts"}],"about":[{"href":"https:\/\/librairiemoderne.com\/index.php?rest_route=\/wp\/v2\/types\/post"}],"author":[{"embeddable":true,"href":"https:\/\/librairiemoderne.com\/index.php?rest_route=\/wp\/v2\/users\/2"}],"replies":[{"embeddable":true,"href":"https:\/\/librairiemoderne.com\/index.php?rest_route=%2Fwp%2Fv2%2Fcomments&post=2225"}],"version-history":[{"count":0,"href":"https:\/\/librairiemoderne.com\/index.php?rest_route=\/wp\/v2\/posts\/2225\/revisions"}],"wp:featuredmedia":[{"embeddable":true,"href":"https:\/\/librairiemoderne.com\/index.php?rest_route=\/wp\/v2\/media\/2245"}],"wp:attachment":[{"href":"https:\/\/librairiemoderne.com\/index.php?rest_route=%2Fwp%2Fv2%2Fmedia&parent=2225"}],"wp:term":[{"taxonomy":"category","embeddable":true,"href":"https:\/\/librairiemoderne.com\/index.php?rest_route=%2Fwp%2Fv2%2Fcategories&post=2225"},{"taxonomy":"post_tag","embeddable":true,"href":"https:\/\/librairiemoderne.com\/index.php?rest_route=%2Fwp%2Fv2%2Ftags&post=2225"}],"curies":[{"name":"wp","href":"https:\/\/api.w.org\/{rel}","templated":true}]}}