{"id":2322,"date":"2015-12-06T20:30:55","date_gmt":"2015-12-06T20:30:55","guid":{"rendered":"http:\/\/librairiemoderne.com\/?p=2322"},"modified":"2015-12-22T17:06:33","modified_gmt":"2015-12-22T17:06:33","slug":"jacques-goldstyn-en-librairie","status":"publish","type":"post","link":"https:\/\/librairiemoderne.com\/?p=2322","title":{"rendered":"Le 19 d\u00e9cembre, accueillons Jacques Goldstyn!"},"content":{"rendered":"<p><a href=\"https:\/\/librairiemoderne.com\/wp-content\/uploads\/2014\/10\/mini-passionnes.png\"><img loading=\"lazy\" decoding=\"async\" class=\"alignnone wp-image-238\" src=\"https:\/\/librairiemoderne.com\/wp-content\/uploads\/2014\/10\/mini-passionnes.png\" alt=\"mini passionnes\" width=\"128\" height=\"40\" srcset=\"https:\/\/librairiemoderne.com\/wp-content\/uploads\/2014\/10\/mini-passionnes.png 694w, https:\/\/librairiemoderne.com\/wp-content\/uploads\/2014\/10\/mini-passionnes-300x93.png 300w\" sizes=\"auto, (max-width: 128px) 100vw, 128px\" \/><br \/>\n<\/a><\/p>\n<p><strong>Samedi le 19 d\u00e9cembre, de 13 \u00e0 15 h<\/strong><\/p>\n<p>Dans le cadre de la tourn\u00e9e <a href=\"http:\/\/www.alq.qc.ca\/_nouvelles\/2015\/09\/tournee-les-auteurs-se-font-libraires.html\">Les auteurs se font libraires<\/a> organis\u00e9e par l&rsquo;Association des Libraires du Qu\u00e9bec, la Librairie Moderne accueille avec plaisir l&rsquo;auteur et illustrateur <a href=\"http:\/\/moderne.leslibraires.ca\/recherche\/?s=jacques+Goldstyn\">Jacques Goldstyn<\/a>. Il vous pr\u00e9sentera bien s\u00fbr ses propres livres mais surtout, ses lectures coups de coeur. Je ne sais pas pour vous, mais moi je suis tout \u00e0 fait ravie et curieuse de les d\u00e9couvrir!<\/p>\n<p>M. Goldstyn est le fier illustrateur des personnages de la c\u00e9l\u00e8bre <a href=\"http:\/\/www.lesdebrouillards.com\/tes-magazines\/les-debrouillards\/\">revue Les D\u00e9brouillards<\/a>, cr\u00e9ateur de la fameuse grenouille Beppo, mascotte du magazine. Il a publi\u00e9 plusieurs bandes dessin\u00e9es mettant en vedette ces m\u00eames personnages et a particip\u00e9 aux <a href=\"http:\/\/moderne.leslibraires.ca\/recherche\/?t=&amp;a=jacques+goldstyn&amp;e=bayard&amp;c=d%C3%A9brouillards&amp;i=&amp;f=&amp;ip=\">4 albums d&rsquo;exp\u00e9riences des D\u00e9brouillards.<\/a><\/p>\n<p>En septembre 2015, Jacques Goldstyn a gagn\u00e9 le <a href=\"http:\/\/prixdeslibraires.qc.ca\/?page_id=359\/#2\">Prix Jeunesse des libraires<\/a>, cat\u00e9gorie 6-11 ans, pour son magnifique album <a href=\"http:\/\/moderne.leslibraires.ca\/livres\/l-arbragan-jacques-goldstyn-9782923841700.html\">L&rsquo;Arbragan<\/a>. Il est aussi finaliste pour le <a href=\"http:\/\/prixdeslibraires.qc.ca\/?page_id=366\">m\u00eame prix, \u00e9dition 2016<\/a>, pour son tr\u00e8s instructif <a href=\"http:\/\/moderne.leslibraires.ca\/livres\/le-dragon-vert-l-enfance-de-jacques-goldstyn-9782895795988.html\">Dragon vert, l&rsquo;enfance de Van<\/a>. Son album <a href=\"http:\/\/moderne.leslibraires.ca\/livres\/petit-tabarnak-le-jacques-goldstyn-9782923841496.html\">Le petit tabarnak<\/a>, paru en 2013, avait aussi attir\u00e9 l&rsquo;attention du milieu litt\u00e9raire jeunesse et suscit\u00e9 d&rsquo;\u00e9logieuses critiques. Plus r\u00e9cemment et \u00e0 point nomm\u00e9, il a publi\u00e9 avec la collaboration d&rsquo; Amnistie Internationale, le tr\u00e8s juste album sans texte <a href=\"http:\/\/moderne.leslibraires.ca\/livres\/le-prisonnier-sans-frontieres-jacques-goldstyn-9782895797081.html\">Le prisonnier sans fronti\u00e8res<\/a>.<\/p>\n<p>Parmi toutes les nombreuse oeuvres de l&rsquo;auteur, j&rsquo;attire votre attention sur ce tout petit livre bijou, <a href=\"http:\/\/moderne.leslibraires.ca\/livres\/100-choses-a-faire-dans-sa-jacques-goldstyn-9782895794547.html\">100 choses \u00e0 faire dans sa vie<\/a>, qui, selon moi, explique tout le talent de Jacques Goldstyn \u00e0 rappeler \u00e0 ses lecteurs, jeunes et moins jeunes, l&rsquo;immense bonheur que procure les petites choses simples, ces moments pass\u00e9s \u00e0 appr\u00e9cier la vie, \u00e0 port\u00e9e de main.<\/p>\n<p>C&rsquo;est donc pour moi (!) et la Librairie Moderne un intime honneur de recevoir et vous convier \u00e0 rencontrer cet auteur sympathique, qui exprime avec sensibilit\u00e9 ses histoires qui plaisent et ravissent le coeur et l&rsquo;\u00e2me autant aux petits qu&rsquo;aux grands. Accueillons-le avec joie!<\/p>\n<p>&nbsp;<\/p>\n","protected":false},"excerpt":{"rendered":"<p>Samedi le 19 d\u00e9cembre, de 13 \u00e0 15 h Dans le cadre de la tourn\u00e9e Les auteurs se font libraires organis\u00e9e par l&rsquo;Association des Libraires du Qu\u00e9bec, la Librairie Moderne accueille avec plaisir l&rsquo;auteur et illustrateur Jacques Goldstyn. Il vous pr\u00e9sentera bien s\u00fbr ses propres livres mais surtout, ses lectures coups de coeur. Je ne sais pas pour vous, mais [&#8230;]<\/p>\n","protected":false},"author":2,"featured_media":2379,"comment_status":"closed","ping_status":"closed","sticky":false,"template":"","format":"standard","meta":{"footnotes":""},"categories":[93],"tags":[],"class_list":["post-2322","post","type-post","status-publish","format-standard","has-post-thumbnail","hentry","category-evenements-a-venir"],"_links":{"self":[{"href":"https:\/\/librairiemoderne.com\/index.php?rest_route=\/wp\/v2\/posts\/2322","targetHints":{"allow":["GET"]}}],"collection":[{"href":"https:\/\/librairiemoderne.com\/index.php?rest_route=\/wp\/v2\/posts"}],"about":[{"href":"https:\/\/librairiemoderne.com\/index.php?rest_route=\/wp\/v2\/types\/post"}],"author":[{"embeddable":true,"href":"https:\/\/librairiemoderne.com\/index.php?rest_route=\/wp\/v2\/users\/2"}],"replies":[{"embeddable":true,"href":"https:\/\/librairiemoderne.com\/index.php?rest_route=%2Fwp%2Fv2%2Fcomments&post=2322"}],"version-history":[{"count":0,"href":"https:\/\/librairiemoderne.com\/index.php?rest_route=\/wp\/v2\/posts\/2322\/revisions"}],"wp:featuredmedia":[{"embeddable":true,"href":"https:\/\/librairiemoderne.com\/index.php?rest_route=\/wp\/v2\/media\/2379"}],"wp:attachment":[{"href":"https:\/\/librairiemoderne.com\/index.php?rest_route=%2Fwp%2Fv2%2Fmedia&parent=2322"}],"wp:term":[{"taxonomy":"category","embeddable":true,"href":"https:\/\/librairiemoderne.com\/index.php?rest_route=%2Fwp%2Fv2%2Fcategories&post=2322"},{"taxonomy":"post_tag","embeddable":true,"href":"https:\/\/librairiemoderne.com\/index.php?rest_route=%2Fwp%2Fv2%2Ftags&post=2322"}],"curies":[{"name":"wp","href":"https:\/\/api.w.org\/{rel}","templated":true}]}}