{"id":2374,"date":"2015-12-06T18:01:28","date_gmt":"2015-12-06T18:01:28","guid":{"rendered":"http:\/\/librairiemoderne.com\/?p=2374"},"modified":"2015-12-11T05:18:56","modified_gmt":"2015-12-11T05:18:56","slug":"marie-lasnier-en-librairie","status":"publish","type":"post","link":"https:\/\/librairiemoderne.com\/?p=2374","title":{"rendered":"Marie Lasnier et Diane Daigneault en librairie!"},"content":{"rendered":"<p>&nbsp;<\/p>\n<p><a href=\"https:\/\/librairiemoderne.com\/wp-content\/uploads\/2015\/12\/image2.jpeg\"><img loading=\"lazy\" decoding=\"async\" class=\"alignnone size-full wp-image-2390\" src=\"https:\/\/librairiemoderne.com\/wp-content\/uploads\/2015\/12\/image2.jpeg\" alt=\"image\" width=\"4224\" height=\"3168\" srcset=\"https:\/\/librairiemoderne.com\/wp-content\/uploads\/2015\/12\/image2.jpeg 4224w, https:\/\/librairiemoderne.com\/wp-content\/uploads\/2015\/12\/image2-300x225.jpeg 300w, https:\/\/librairiemoderne.com\/wp-content\/uploads\/2015\/12\/image2-1024x768.jpeg 1024w\" sizes=\"auto, (max-width: 4224px) 100vw, 4224px\" \/><\/a><\/p>\n<p><a href=\"https:\/\/librairiemoderne.com\/wp-content\/uploads\/2014\/10\/mini-unis-e1432406398778.png\"><img loading=\"lazy\" decoding=\"async\" class=\"alignnone size-full wp-image-242\" src=\"https:\/\/librairiemoderne.com\/wp-content\/uploads\/2014\/10\/mini-unis-e1432406398778.png\" alt=\"mini unis\" width=\"128\" height=\"40\" \/><\/a><br \/>\n<strong>Jeudi le 10 d\u00e9cembre, d\u00e8s 13 h<\/strong><\/p>\n<p>La Librairie Moderne accueille Marie Lasnier et Diane Daigneault pour nous pr\u00e9senter leurs livres. Marie Lasnier est une auteure bien connue de chez nous. Impliqu\u00e9e dans le milieu du livre de la r\u00e9gion, ses livres La balan\u00e7oire de Marie et Croque-Tout, illustr\u00e9s par Marie Claprood, ont \u00e9t\u00e9 prim\u00e9s au Grand Prix des tout petits de l&rsquo;Association des auteurs de la Mont\u00e9r\u00e9gie.<\/p>\n<p>Diane Daigneault travaille dans le milieu de la p\u00e9rinatalit\u00e9 depuis plus de 20 ans. Auteure de plusieurs livres, elle a publi\u00e9 r\u00e9cemment le petit livre \u00c9loi et ses bas.<\/p>\n<p>Marie Lasnier et Diane Daigneault nous pr\u00e9senteront quelques uns des livres publi\u00e9s par\u00a0les \u00e9ditions Archim\u00e8de, une entreprise de Saint-Jean-sur-Richelieu.<\/p>\n<p><a href=\"https:\/\/librairiemoderne.com\/wp-content\/uploads\/2015\/12\/amitie.jpg\"><img loading=\"lazy\" decoding=\"async\" class=\"alignleft wp-image-2376 size-medium\" src=\"https:\/\/librairiemoderne.com\/wp-content\/uploads\/2015\/12\/amitie-194x300.jpg\" alt=\"amitie\" width=\"194\" height=\"300\" srcset=\"https:\/\/librairiemoderne.com\/wp-content\/uploads\/2015\/12\/amitie-194x300.jpg 194w, https:\/\/librairiemoderne.com\/wp-content\/uploads\/2015\/12\/amitie-663x1024.jpg 663w, https:\/\/librairiemoderne.com\/wp-content\/uploads\/2015\/12\/amitie.jpg 825w\" sizes=\"auto, (max-width: 194px) 100vw, 194px\" \/><\/a><\/p>\n<p>&nbsp;<\/p>\n<h3><strong>De plus, obtenez en cadeau le livre <span style=\"color: #0000ff;\">Une amiti\u00e9 sans tache<span style=\"color: #000000;\">,<\/span><\/span>\u00a0de Sabrina Deneault pour chaque achat de livres des \u00e9ditions Archim\u00e8de!<\/strong><\/h3>\n<p>Bienvenue \u00e0 tous!<\/p>\n","protected":false},"excerpt":{"rendered":"<p>&nbsp; Jeudi le 10 d\u00e9cembre, d\u00e8s 13 h La Librairie Moderne accueille Marie Lasnier et Diane Daigneault pour nous pr\u00e9senter leurs livres. Marie Lasnier est une auteure bien connue de chez nous. Impliqu\u00e9e dans le milieu du livre de la r\u00e9gion, ses livres La balan\u00e7oire de Marie et Croque-Tout, illustr\u00e9s par Marie Claprood, ont \u00e9t\u00e9 prim\u00e9s au Grand Prix des [&#8230;]<\/p>\n","protected":false},"author":2,"featured_media":2395,"comment_status":"closed","ping_status":"closed","sticky":false,"template":"","format":"standard","meta":{"footnotes":""},"categories":[93],"tags":[],"class_list":["post-2374","post","type-post","status-publish","format-standard","has-post-thumbnail","hentry","category-evenements-a-venir"],"_links":{"self":[{"href":"https:\/\/librairiemoderne.com\/index.php?rest_route=\/wp\/v2\/posts\/2374","targetHints":{"allow":["GET"]}}],"collection":[{"href":"https:\/\/librairiemoderne.com\/index.php?rest_route=\/wp\/v2\/posts"}],"about":[{"href":"https:\/\/librairiemoderne.com\/index.php?rest_route=\/wp\/v2\/types\/post"}],"author":[{"embeddable":true,"href":"https:\/\/librairiemoderne.com\/index.php?rest_route=\/wp\/v2\/users\/2"}],"replies":[{"embeddable":true,"href":"https:\/\/librairiemoderne.com\/index.php?rest_route=%2Fwp%2Fv2%2Fcomments&post=2374"}],"version-history":[{"count":0,"href":"https:\/\/librairiemoderne.com\/index.php?rest_route=\/wp\/v2\/posts\/2374\/revisions"}],"wp:featuredmedia":[{"embeddable":true,"href":"https:\/\/librairiemoderne.com\/index.php?rest_route=\/wp\/v2\/media\/2395"}],"wp:attachment":[{"href":"https:\/\/librairiemoderne.com\/index.php?rest_route=%2Fwp%2Fv2%2Fmedia&parent=2374"}],"wp:term":[{"taxonomy":"category","embeddable":true,"href":"https:\/\/librairiemoderne.com\/index.php?rest_route=%2Fwp%2Fv2%2Fcategories&post=2374"},{"taxonomy":"post_tag","embeddable":true,"href":"https:\/\/librairiemoderne.com\/index.php?rest_route=%2Fwp%2Fv2%2Ftags&post=2374"}],"curies":[{"name":"wp","href":"https:\/\/api.w.org\/{rel}","templated":true}]}}