{"id":2479,"date":"2016-01-29T20:27:46","date_gmt":"2016-01-29T20:27:46","guid":{"rendered":"http:\/\/librairiemoderne.com\/?p=2479"},"modified":"2016-03-06T15:02:40","modified_gmt":"2016-03-06T15:02:40","slug":"richard-forgues-en-librairie","status":"publish","type":"post","link":"https:\/\/librairiemoderne.com\/?p=2479","title":{"rendered":"Richard Forgues en librairie!"},"content":{"rendered":"<p><a href=\"https:\/\/librairiemoderne.com\/wp-content\/uploads\/2014\/10\/mini-passionnes.png\" rel=\"attachment wp-att-238\"><img loading=\"lazy\" decoding=\"async\" class=\"alignnone wp-image-238\" src=\"https:\/\/librairiemoderne.com\/wp-content\/uploads\/2014\/10\/mini-passionnes.png\" alt=\"mini passionnes\" width=\"128\" height=\"40\" srcset=\"https:\/\/librairiemoderne.com\/wp-content\/uploads\/2014\/10\/mini-passionnes.png 694w, https:\/\/librairiemoderne.com\/wp-content\/uploads\/2014\/10\/mini-passionnes-300x93.png 300w\" sizes=\"auto, (max-width: 128px) 100vw, 128px\" \/><\/a><\/p>\n<p><strong>Samedi le 5 mars, d\u00e8s 13 h<\/strong><\/p>\n<p>La Librairie Moderne re\u00e7oit le dessinateur Richard Forgues pour une s\u00e9ance de signatures. Sa bande-dessin\u00e9e constitue une adaptation du dernier texte \u00e9crit par Pierre Falardeau. Ce dernier avait le projet d&rsquo;en faire un film. L&rsquo;histoire du Jardinier des Molson relate le quotidien d&rsquo;un peloton de soldats qu\u00e9b\u00e9cois lors de la guerre de 14-18.<\/p>\n<p>Bienvenue \u00e0 tous!<\/p>\n<p>&nbsp;<\/p>\n","protected":false},"excerpt":{"rendered":"<p>Samedi le 5 mars, d\u00e8s 13 h La Librairie Moderne re\u00e7oit le dessinateur Richard Forgues pour une s\u00e9ance de signatures. Sa bande-dessin\u00e9e constitue une adaptation du dernier texte \u00e9crit par Pierre Falardeau. Ce dernier avait le projet d&rsquo;en faire un film. L&rsquo;histoire du Jardinier des Molson relate le quotidien d&rsquo;un peloton de soldats qu\u00e9b\u00e9cois lors de la guerre de 14-18. [&#8230;]<\/p>\n","protected":false},"author":2,"featured_media":2480,"comment_status":"closed","ping_status":"closed","sticky":false,"template":"","format":"standard","meta":{"footnotes":""},"categories":[93],"tags":[],"class_list":["post-2479","post","type-post","status-publish","format-standard","has-post-thumbnail","hentry","category-evenements-a-venir"],"_links":{"self":[{"href":"https:\/\/librairiemoderne.com\/index.php?rest_route=\/wp\/v2\/posts\/2479","targetHints":{"allow":["GET"]}}],"collection":[{"href":"https:\/\/librairiemoderne.com\/index.php?rest_route=\/wp\/v2\/posts"}],"about":[{"href":"https:\/\/librairiemoderne.com\/index.php?rest_route=\/wp\/v2\/types\/post"}],"author":[{"embeddable":true,"href":"https:\/\/librairiemoderne.com\/index.php?rest_route=\/wp\/v2\/users\/2"}],"replies":[{"embeddable":true,"href":"https:\/\/librairiemoderne.com\/index.php?rest_route=%2Fwp%2Fv2%2Fcomments&post=2479"}],"version-history":[{"count":0,"href":"https:\/\/librairiemoderne.com\/index.php?rest_route=\/wp\/v2\/posts\/2479\/revisions"}],"wp:featuredmedia":[{"embeddable":true,"href":"https:\/\/librairiemoderne.com\/index.php?rest_route=\/wp\/v2\/media\/2480"}],"wp:attachment":[{"href":"https:\/\/librairiemoderne.com\/index.php?rest_route=%2Fwp%2Fv2%2Fmedia&parent=2479"}],"wp:term":[{"taxonomy":"category","embeddable":true,"href":"https:\/\/librairiemoderne.com\/index.php?rest_route=%2Fwp%2Fv2%2Fcategories&post=2479"},{"taxonomy":"post_tag","embeddable":true,"href":"https:\/\/librairiemoderne.com\/index.php?rest_route=%2Fwp%2Fv2%2Ftags&post=2479"}],"curies":[{"name":"wp","href":"https:\/\/api.w.org\/{rel}","templated":true}]}}