{"id":2650,"date":"2016-03-06T14:56:32","date_gmt":"2016-03-06T14:56:32","guid":{"rendered":"http:\/\/librairiemoderne.com\/?p=2650"},"modified":"2016-05-01T14:22:43","modified_gmt":"2016-05-01T14:22:43","slug":"trois-auteurs-pour-annoncer-le-printemps","status":"publish","type":"post","link":"https:\/\/librairiemoderne.com\/?p=2650","title":{"rendered":"Cinq auteurs pour annoncer le printemps!"},"content":{"rendered":"<p>La Librairie Moderne est fi\u00e8re de contribuer \u00e0 faire conna\u00eetre les auteurs locaux en leur laissant l&rsquo;occasion de rencontrer notre client\u00e8le. Ainsi, trois auteurs nous visiteront afin de pr\u00e9senter leurs livres et vous les d\u00e9dicacer, si le coeur vous en dit ! Bienvenue \u00e0 tous !<\/p>\n<p>&nbsp;<\/p>\n<p><strong>Samedi le 12 mars, d\u00e8s 13 h<\/strong><\/p>\n<p>Nous recevons l&rsquo;auteure Ginette Hudon pour une s\u00e9ance de d\u00e9dicaces. Elle nous pr\u00e9sentera ses deux livres, <a href=\"http:\/\/moderne.leslibraires.ca\/livres\/vibrance-ginette-hudon-9782924261873.html\">Vibrance<\/a> et <a href=\"http:\/\/moderne.leslibraires.ca\/livres\/xanarus-ismelda-le-continent-ginette-hudon-9782897550189.html\">Xanarus<\/a>.<\/p>\n<p><a href=\"https:\/\/librairiemoderne.com\/wp-content\/uploads\/2016\/02\/vibrance484.jpg\" rel=\"attachment wp-att-2652\"><img loading=\"lazy\" decoding=\"async\" class=\"alignnone wp-image-2652 size-medium\" src=\"https:\/\/librairiemoderne.com\/wp-content\/uploads\/2016\/02\/vibrance484-200x300.jpg\" alt=\"vibrance484\" width=\"200\" height=\"300\" srcset=\"https:\/\/librairiemoderne.com\/wp-content\/uploads\/2016\/02\/vibrance484-200x300.jpg 200w, https:\/\/librairiemoderne.com\/wp-content\/uploads\/2016\/02\/vibrance484.jpg 323w\" sizes=\"auto, (max-width: 200px) 100vw, 200px\" \/><\/a><a href=\"https:\/\/librairiemoderne.com\/wp-content\/uploads\/2016\/02\/xanarus500.jpg\" rel=\"attachment wp-att-2653\"><img loading=\"lazy\" decoding=\"async\" class=\"alignnone wp-image-2653 size-medium\" src=\"https:\/\/librairiemoderne.com\/wp-content\/uploads\/2016\/02\/xanarus500-200x300.jpg\" alt=\"xanarus500\" width=\"200\" height=\"300\" srcset=\"https:\/\/librairiemoderne.com\/wp-content\/uploads\/2016\/02\/xanarus500-200x300.jpg 200w, https:\/\/librairiemoderne.com\/wp-content\/uploads\/2016\/02\/xanarus500.jpg 333w\" sizes=\"auto, (max-width: 200px) 100vw, 200px\" \/><\/a><\/p>\n<p>&nbsp;<\/p>\n<p><strong>Samedi le 26 mars, d\u00e8s 13 h<\/strong><\/p>\n<p>Pour une troisi\u00e8me fois, nous accueillons Dany Giroux, dynamique auteur de la bande dessin\u00e9e L&rsquo;Alliance, dont certaines sc\u00e8nes se d\u00e9roulent \u00e0 Saint-Jean-sur-Richelieu.<\/p>\n<p><a href=\"https:\/\/librairiemoderne.com\/wp-content\/uploads\/2015\/10\/alliance.jpg\" rel=\"attachment wp-att-2081\"><img loading=\"lazy\" decoding=\"async\" class=\"alignnone wp-image-2081 size-medium\" src=\"https:\/\/librairiemoderne.com\/wp-content\/uploads\/2015\/10\/alliance-210x300.jpg\" alt=\"alliance\" width=\"210\" height=\"300\" srcset=\"https:\/\/librairiemoderne.com\/wp-content\/uploads\/2015\/10\/alliance-210x300.jpg 210w, https:\/\/librairiemoderne.com\/wp-content\/uploads\/2015\/10\/alliance.jpg 395w\" sizes=\"auto, (max-width: 210px) 100vw, 210px\" \/><\/a><\/p>\n<p>&nbsp;<\/p>\n<p><strong>Samedi le 2 avril, d\u00e8s 13 h<\/strong><\/p>\n<p>Quoiqu&rsquo;il ait ses habitudes \u00e0 la librairie, vu ses nombreuses visites, c&rsquo;est toujours un plaisir pour nous et notre client\u00e8le que de recevoir Robert Blake. Il nous pr\u00e9sentera son p&rsquo;tit dernier, Samuel.<\/p>\n<p><a href=\"https:\/\/librairiemoderne.com\/wp-content\/uploads\/2016\/03\/image-2.jpeg\" rel=\"attachment wp-att-2708\"><img loading=\"lazy\" decoding=\"async\" class=\"alignnone size-full wp-image-2708\" src=\"https:\/\/librairiemoderne.com\/wp-content\/uploads\/2016\/03\/image-2.jpeg\" alt=\"image\" width=\"128\" height=\"200\" \/><\/a><\/p>\n<p>&nbsp;<\/p>\n<p><strong>Samedi le 16 avril, d\u00e8s 13 h<\/strong><\/p>\n<p>Nous recevons l&rsquo;auteure Francyne Nadeau pour une s\u00e9ance de d\u00e9dicaces. Elle nous pr\u00e9sentera son livre <em>Quand le destin s&rsquo;en m\u00eale<\/em>.<\/p>\n<p>&nbsp;<\/p>\n<p><strong>Samedi le 23 avril, d\u00e8s 13 h<\/strong><\/p>\n<p>C&rsquo;est au tour de l&rsquo;auteur Pier Davi de passer nous voir. Il nous pr\u00e9sentera son roman, <a href=\"http:\/\/moderne.leslibraires.ca\/livres\/clavium-pier-davi-9782924261675.html\">Clavium<\/a>, dot\u00e9 d&rsquo;un album de musique t\u00e9l\u00e9chargeable.<\/p>\n<p><a href=\"https:\/\/librairiemoderne.com\/wp-content\/uploads\/2015\/11\/image14.jpeg\" rel=\"attachment wp-att-2229\"><img loading=\"lazy\" decoding=\"async\" class=\"alignnone wp-image-2229 size-medium\" src=\"https:\/\/librairiemoderne.com\/wp-content\/uploads\/2015\/11\/image14-200x300.jpeg\" alt=\"image\" width=\"200\" height=\"300\" srcset=\"https:\/\/librairiemoderne.com\/wp-content\/uploads\/2015\/11\/image14-200x300.jpeg 200w, https:\/\/librairiemoderne.com\/wp-content\/uploads\/2015\/11\/image14.jpeg 323w\" sizes=\"auto, (max-width: 200px) 100vw, 200px\" \/><\/a><\/p>\n<p>&nbsp;<\/p>\n","protected":false},"excerpt":{"rendered":"<p>La Librairie Moderne est fi\u00e8re de contribuer \u00e0 faire conna\u00eetre les auteurs locaux en leur laissant l&rsquo;occasion de rencontrer notre client\u00e8le. Ainsi, trois auteurs nous visiteront afin de pr\u00e9senter leurs livres et vous les d\u00e9dicacer, si le coeur vous en dit ! Bienvenue \u00e0 tous ! &nbsp; Samedi le 12 mars, d\u00e8s 13 h Nous recevons l&rsquo;auteure Ginette Hudon pour [&#8230;]<\/p>\n","protected":false},"author":2,"featured_media":2695,"comment_status":"closed","ping_status":"closed","sticky":false,"template":"","format":"standard","meta":{"footnotes":""},"categories":[93],"tags":[],"class_list":["post-2650","post","type-post","status-publish","format-standard","has-post-thumbnail","hentry","category-evenements-a-venir"],"_links":{"self":[{"href":"https:\/\/librairiemoderne.com\/index.php?rest_route=\/wp\/v2\/posts\/2650","targetHints":{"allow":["GET"]}}],"collection":[{"href":"https:\/\/librairiemoderne.com\/index.php?rest_route=\/wp\/v2\/posts"}],"about":[{"href":"https:\/\/librairiemoderne.com\/index.php?rest_route=\/wp\/v2\/types\/post"}],"author":[{"embeddable":true,"href":"https:\/\/librairiemoderne.com\/index.php?rest_route=\/wp\/v2\/users\/2"}],"replies":[{"embeddable":true,"href":"https:\/\/librairiemoderne.com\/index.php?rest_route=%2Fwp%2Fv2%2Fcomments&post=2650"}],"version-history":[{"count":0,"href":"https:\/\/librairiemoderne.com\/index.php?rest_route=\/wp\/v2\/posts\/2650\/revisions"}],"wp:featuredmedia":[{"embeddable":true,"href":"https:\/\/librairiemoderne.com\/index.php?rest_route=\/wp\/v2\/media\/2695"}],"wp:attachment":[{"href":"https:\/\/librairiemoderne.com\/index.php?rest_route=%2Fwp%2Fv2%2Fmedia&parent=2650"}],"wp:term":[{"taxonomy":"category","embeddable":true,"href":"https:\/\/librairiemoderne.com\/index.php?rest_route=%2Fwp%2Fv2%2Fcategories&post=2650"},{"taxonomy":"post_tag","embeddable":true,"href":"https:\/\/librairiemoderne.com\/index.php?rest_route=%2Fwp%2Fv2%2Ftags&post=2650"}],"curies":[{"name":"wp","href":"https:\/\/api.w.org\/{rel}","templated":true}]}}