{"id":2824,"date":"2016-05-26T23:37:12","date_gmt":"2016-05-26T23:37:12","guid":{"rendered":"http:\/\/librairiemoderne.com\/?p=2824"},"modified":"2016-06-21T14:21:33","modified_gmt":"2016-06-21T14:21:33","slug":"la-journee-des-librairies-independantes","status":"publish","type":"post","link":"https:\/\/librairiemoderne.com\/?p=2824","title":{"rendered":"La Journ\u00e9e des librairies ind\u00e9pendantes!"},"content":{"rendered":"<h3>C&rsquo;est avec une joie \u00e0 peine contenue que je vous d\u00e9voile les activit\u00e9s pr\u00e9vues pour cette fabuleuse journ\u00e9e!<\/h3>\n<p>\u00c0 9:30: Val\u00e9rie Fontaine racontera son album \u00ab\u00a0<a href=\"http:\/\/moderne.leslibraires.ca\/livres\/lit-de-delfouine-le-valerie-fontaine-9782897390686.html\">Le lit de Delfouine<\/a>\u00a0\u00bb publi\u00e9 chez Dominique et compagnie. Ensuite, tirage de trois albums parmi les enfants pr\u00e9sents et s\u00e9ance de d\u00e9dicaces. Val\u00e9rie en profitera pour pr\u00e9senter son tout nouveau livre, \u00ab\u00a0Le Bruit\u00a0\u00bb.<\/p>\n<p>\u00c0 11 h: Anabelle Soucy-C\u00f4t\u00e9, des <a href=\"http:\/\/lesptitsmotsdits.com\/category\/blogue\">P&rsquo;tits Mots Dits<\/a>,\u00a0 animera l&rsquo;album \u00ab\u00a0C&rsquo;est une urgence!\u00a0\u00bb, de Richard Marnier er Aude Maurel, publi\u00e9 chez Frimousse. Tirage d&rsquo;un album et petites surprises parmi les enfants pr\u00e9sents.<\/p>\n<p>Au plaisir de vous y voir!<\/p>\n<h3>Une toute premi\u00e8re Journ\u00e9e des librairies ind\u00e9pendantes : un projet du r\u00e9seau Les libraires<\/h3>\n<p>Le samedi 18 juin 2016, se d\u00e9roulera la premi\u00e8re \u00e9dition de la Journ\u00e9e des librairies ind\u00e9pendantes, organis\u00e9e par le r\u00e9seau Les libraires. V\u00e9ritable f\u00eate de la lecture, cette Journ\u00e9e d\u00e9montre l\u2019importance de la librairie comme lieu culturel et comme endroit de promotion de la litt\u00e9rature.<\/p>\n<p><strong>F\u00caTER SA LIBRAIRIE, C\u00c9L\u00c9BRER SON LIBRAIRE, RASSEMBLER SA COMMUNAUT\u00c9<\/strong><br \/>\nPendant une journ\u00e9e compl\u00e8te, les librairies ind\u00e9pendantes du r\u00e9seau Les libraires seront le th\u00e9\u00e2tre de rencontres in\u00e9dites, d\u2019activit\u00e9s originales et de d\u00e9couvertes inattendues. Le public lecteur sera invit\u00e9 \u00e0 se rendre dans sa librairie de proximit\u00e9 pour rencontrer des auteurs, pour assister \u00e0 des animations vari\u00e9es et pour d\u00e9couvrir les ouvrages des \u00e9crivains d\u2019ici et d\u2019ailleurs. C\u2019est donc 100 librairies ind\u00e9pendantes, des quatre coins du Qu\u00e9bec, du Nouveau-Brunswick et de l\u2019Ontario, qui c\u00e9l\u00e9breront la litt\u00e9rature \u00e0 leur fa\u00e7on : les libraires \u00e0 la plage, lunch musical, causeries de fond, improvisation litt\u00e9raire et plusieurs autres! Avec cette journ\u00e9e, les libraires souhaitent lancer la saison estivale de belle fa\u00e7on!<\/p>\n<p><strong>ANA\u00cfS BARBEAU-LAVALETTE, AMBASSADRICE 2016<\/strong><br \/>\nPour cette premi\u00e8re \u00e9dition, Les libraires ont l\u2019honneur et le plaisir d\u2019avoir madame Ana\u00efs Barbeau-Lavalette comme porte-parole. Laur\u00e9ate du Prix des libraires du Qu\u00e9bec 2016, cat\u00e9gorie roman, l\u2019auteure de La femme qui fuit a un contact particulier avec le libraire :<br \/>\n<strong>\u00ab Le libraire est celui qui couve et partage les racines de notre imaginaire collectif. \u00bb <\/strong><br \/>\n<strong>Ana\u00efs Barbeau-Lavalette<\/strong><\/p>\n","protected":false},"excerpt":{"rendered":"<p>C&rsquo;est avec une joie \u00e0 peine contenue que je vous d\u00e9voile les activit\u00e9s pr\u00e9vues pour cette fabuleuse journ\u00e9e! \u00c0 9:30: Val\u00e9rie Fontaine racontera son album \u00ab\u00a0Le lit de Delfouine\u00a0\u00bb publi\u00e9 chez Dominique et compagnie. Ensuite, tirage de trois albums parmi les enfants pr\u00e9sents et s\u00e9ance de d\u00e9dicaces. Val\u00e9rie en profitera pour pr\u00e9senter son tout nouveau livre, \u00ab\u00a0Le Bruit\u00a0\u00bb. \u00c0 11 [&#8230;]<\/p>\n","protected":false},"author":2,"featured_media":2889,"comment_status":"closed","ping_status":"closed","sticky":false,"template":"","format":"standard","meta":{"footnotes":""},"categories":[93],"tags":[402],"class_list":["post-2824","post","type-post","status-publish","format-standard","has-post-thumbnail","hentry","category-evenements-a-venir","tag-journee-des-librairies-independantes"],"_links":{"self":[{"href":"https:\/\/librairiemoderne.com\/index.php?rest_route=\/wp\/v2\/posts\/2824","targetHints":{"allow":["GET"]}}],"collection":[{"href":"https:\/\/librairiemoderne.com\/index.php?rest_route=\/wp\/v2\/posts"}],"about":[{"href":"https:\/\/librairiemoderne.com\/index.php?rest_route=\/wp\/v2\/types\/post"}],"author":[{"embeddable":true,"href":"https:\/\/librairiemoderne.com\/index.php?rest_route=\/wp\/v2\/users\/2"}],"replies":[{"embeddable":true,"href":"https:\/\/librairiemoderne.com\/index.php?rest_route=%2Fwp%2Fv2%2Fcomments&post=2824"}],"version-history":[{"count":0,"href":"https:\/\/librairiemoderne.com\/index.php?rest_route=\/wp\/v2\/posts\/2824\/revisions"}],"wp:featuredmedia":[{"embeddable":true,"href":"https:\/\/librairiemoderne.com\/index.php?rest_route=\/wp\/v2\/media\/2889"}],"wp:attachment":[{"href":"https:\/\/librairiemoderne.com\/index.php?rest_route=%2Fwp%2Fv2%2Fmedia&parent=2824"}],"wp:term":[{"taxonomy":"category","embeddable":true,"href":"https:\/\/librairiemoderne.com\/index.php?rest_route=%2Fwp%2Fv2%2Fcategories&post=2824"},{"taxonomy":"post_tag","embeddable":true,"href":"https:\/\/librairiemoderne.com\/index.php?rest_route=%2Fwp%2Fv2%2Ftags&post=2824"}],"curies":[{"name":"wp","href":"https:\/\/api.w.org\/{rel}","templated":true}]}}