{"id":3294,"date":"2019-09-16T09:50:18","date_gmt":"2019-09-16T09:50:18","guid":{"rendered":"http:\/\/librairiemoderne.com\/?p=3294"},"modified":"2019-10-11T20:13:11","modified_gmt":"2019-10-11T20:13:11","slug":"fetons-le-12-aout-avec-viateur-lefrancois","status":"publish","type":"post","link":"https:\/\/librairiemoderne.com\/?p=3294","title":{"rendered":"Une belle visite!"},"content":{"rendered":"<p>La Librairie Moderne est heureuse de recevoir <a href=\"https:\/\/moderne.leslibraires.ca\/ecrit-par\/?ia=3099481\">Viateur Lefran\u00e7ois<\/a> jeudi et vendredi les 10 et 11 octobre, en journ\u00e9e. Auteur de romans jeunesse et historiques, M. Lefran\u00e7ois nous visite r\u00e9guli\u00e8rement et vous \u00eates nombreux \u00e0 appr\u00e9cier ses ouvrages. Il nous pr\u00e9sentera son tout dernier livre, pour les plus jeunes cette fois-ci, <a href=\"https:\/\/moderne.leslibraires.ca\/livres\/eclair-et-sultan-viateur-lefrancois-9782924833230.html\">\u00c9clair et Sultan<\/a>.<\/p>\n<p>C&rsquo;est donc un rendez-vous ! Bienvenue \u00e0 tous!<\/p>\n","protected":false},"excerpt":{"rendered":"<p>La Librairie Moderne est heureuse de recevoir Viateur Lefran\u00e7ois jeudi et vendredi les 10 et 11 octobre, en journ\u00e9e. Auteur de romans jeunesse et historiques, M. Lefran\u00e7ois nous visite r\u00e9guli\u00e8rement et vous \u00eates nombreux \u00e0 appr\u00e9cier ses ouvrages. Il nous pr\u00e9sentera son tout dernier livre, pour les plus jeunes cette fois-ci, \u00c9clair et Sultan. C&rsquo;est donc un rendez-vous ! Bienvenue [&#8230;]<\/p>\n","protected":false},"author":2,"featured_media":5345,"comment_status":"closed","ping_status":"closed","sticky":false,"template":"","format":"standard","meta":{"footnotes":""},"categories":[93],"tags":[410],"class_list":["post-3294","post","type-post","status-publish","format-standard","has-post-thumbnail","hentry","category-evenements-a-venir","tag-viateur-lefrancois"],"_links":{"self":[{"href":"https:\/\/librairiemoderne.com\/index.php?rest_route=\/wp\/v2\/posts\/3294","targetHints":{"allow":["GET"]}}],"collection":[{"href":"https:\/\/librairiemoderne.com\/index.php?rest_route=\/wp\/v2\/posts"}],"about":[{"href":"https:\/\/librairiemoderne.com\/index.php?rest_route=\/wp\/v2\/types\/post"}],"author":[{"embeddable":true,"href":"https:\/\/librairiemoderne.com\/index.php?rest_route=\/wp\/v2\/users\/2"}],"replies":[{"embeddable":true,"href":"https:\/\/librairiemoderne.com\/index.php?rest_route=%2Fwp%2Fv2%2Fcomments&post=3294"}],"version-history":[{"count":0,"href":"https:\/\/librairiemoderne.com\/index.php?rest_route=\/wp\/v2\/posts\/3294\/revisions"}],"wp:featuredmedia":[{"embeddable":true,"href":"https:\/\/librairiemoderne.com\/index.php?rest_route=\/wp\/v2\/media\/5345"}],"wp:attachment":[{"href":"https:\/\/librairiemoderne.com\/index.php?rest_route=%2Fwp%2Fv2%2Fmedia&parent=3294"}],"wp:term":[{"taxonomy":"category","embeddable":true,"href":"https:\/\/librairiemoderne.com\/index.php?rest_route=%2Fwp%2Fv2%2Fcategories&post=3294"},{"taxonomy":"post_tag","embeddable":true,"href":"https:\/\/librairiemoderne.com\/index.php?rest_route=%2Fwp%2Fv2%2Ftags&post=3294"}],"curies":[{"name":"wp","href":"https:\/\/api.w.org\/{rel}","templated":true}]}}