{"id":3467,"date":"2016-12-03T20:28:26","date_gmt":"2016-12-03T20:28:26","guid":{"rendered":"http:\/\/librairiemoderne.com\/?p=3467"},"modified":"2016-12-25T05:02:48","modified_gmt":"2016-12-25T05:02:48","slug":"un-automne-bien-rempli","status":"publish","type":"post","link":"https:\/\/librairiemoderne.com\/?p=3467","title":{"rendered":"Une saison bien remplie!"},"content":{"rendered":"<p>Comme d&rsquo;habitude, la Librairie Moderne organise quelques s\u00e9ances de signatures afin de vous faire d\u00e9couvrir nos auteurs locaux mais aussi ceux d&rsquo;ailleurs. Quelques uns sont connus, d&rsquo;autres moins; quoiqu&rsquo;il en soit, c&rsquo;est avec plaisir que nous les recevons. Prenez le temps de venir les rencontrer afin d&rsquo;\u00e9changer avec eux et peut-\u00eatre, les encourager en achetant un de leurs ouvrages qu&rsquo;ils se feront une joie de vous d\u00e9dicacer.<\/p>\n<h3><span style=\"color: #808080;\">Octobre 2016<\/span><\/h3>\n<p style=\"text-align: justify;\"><strong><span style=\"color: #808080;\">Samedi 1er octobre, d\u00e8s 13 h<\/span><\/strong><br \/>\n<span style=\"color: #808080;\"> M. Richmond Carri\u00e8re pour son livre <em>Quinze de vingt<\/em><\/span><\/p>\n<p style=\"text-align: justify;\"><strong><span style=\"color: #808080;\">Dimanche 2 octobre, d\u00e8s 13 h<\/span><\/strong><br \/>\n<span style=\"color: #808080;\"> Mme Sylvie T\u00e9treault, pour ses livres <em>M\u00e9moires de Linus<\/em> et <em>Sur les traces de Linus<\/em><\/span><\/p>\n<p style=\"text-align: justify;\"><strong><span style=\"color: #808080;\">Samedi 8 octobre, d\u00e8s 13 h<\/span><\/strong><br \/>\n<span style=\"color: #808080;\"> M. Mario S\u00e9vigny, pour son livre <em>La petite princesse<\/em><\/span><\/p>\n<p style=\"text-align: justify;\"><strong><span style=\"color: #808080;\">Samedi 22 octobre, d\u00e8s 13 h<\/span><\/strong><br \/>\n<span style=\"color: #808080;\"> M. Jean-Fran\u00e7ois Cr\u00e9peau pour son livre <em>Passion chronique<\/em><\/span><\/p>\n<h3 style=\"text-align: justify;\"><span style=\"color: #808080;\">Novembre 2016<\/span><\/h3>\n<p style=\"text-align: justify;\"><span style=\"color: #808080;\"><strong>Samedi 5 novembre d\u00e8s 13 h<\/strong><\/span><br \/>\n<span style=\"color: #808080;\"> Mme Anne Gaydier, pour le tome 2 de sa s\u00e9rie <em>Les compagnons de Torres<\/em><\/span><\/p>\n<p style=\"text-align: justify;\"><span style=\"color: #808080;\"><strong>Samedi 12 novembre d\u00e8s 13 h<\/strong><\/span><br \/>\n<span style=\"color: #808080;\"> Mme Danielle Lachambre pour son livre <em>Un certain air de famille<\/em><\/span><\/p>\n<p style=\"text-align: justify;\"><span style=\"color: #808080;\"><strong>Dimanche 13 novembre, d\u00e8s 13 h<\/strong><\/span><br \/>\n<span style=\"color: #808080;\"> Isabelle Poulin, pour son livre <em>Edmond Bonuage<\/em><\/span><\/p>\n<p style=\"text-align: justify;\"><span style=\"color: #808080;\"><strong>Vendredi 18 novembre, d\u00e8s 17 h<\/strong><\/span><br \/>\n<span style=\"color: #808080;\"> Marie Lasnier, pour son livre <em>\u00c9tincelle et Biscuit au pays minuscule<\/em><\/span><\/p>\n<p style=\"text-align: justify;\"><span style=\"color: #808080;\"><strong>Samedi 19 novembre, d\u00e8s 10 h<\/strong><\/span><br \/>\n<span style=\"color: #808080;\"> Karine Deneault pour son livre <em>Bouger et bien manger? Bof, demain!<\/em><\/span><\/p>\n<p style=\"text-align: justify;\"><span style=\"color: #808080;\"><strong>Dimanche le 20 novembre, d\u00e8s 13<\/strong><\/span><br \/>\n<span style=\"color: #808080;\"> Francine C\u00f4t\u00e9 pour son livre <em>Zo\u00e9 l&rsquo;ourson blanc<\/em><\/span><\/p>\n<p style=\"text-align: justify;\"><span style=\"color: #808080;\"><strong>Samedi 26 novembre d\u00e8s 13 h<br \/>\n<\/strong>Ellyxia Castle, pour son livre <em>Projet #19<\/em><\/span><\/p>\n<p style=\"text-align: justify;\"><span style=\"color: #808080;\"><strong>Dimanche 27 novembre d\u00e8s 10 h<\/strong><\/span><br \/>\n<span style=\"color: #808080;\"> Annie Dumont, pour son livre <em>De l&rsquo;autre c\u00f4t\u00e9 de l&rsquo;arc-en-ciel<\/em><\/span><\/p>\n<h3 style=\"text-align: justify;\">D\u00e9cembre 2016<\/h3>\n<p style=\"text-align: justify;\"><span style=\"color: #808080;\"><strong>Samedi 3 d\u00e9cembre, 13 h<\/strong><\/span><br \/>\n<span style=\"color: #808080;\"> M. Raymond Parent pour un atelier de bandes dessin\u00e9es<\/span><\/p>\n<p style=\"text-align: justify;\"><strong>Samedi le 10 d\u00e9cembre, de 10 \u00e0 midi<\/strong><br \/>\nLes \u00e9ditions Dominique et compagnie pr\u00e9sentent l&rsquo;Appel du P\u00e8re No\u00ebl.<\/p>\n<p style=\"text-align: justify;\"><strong>Samedi 10 d\u00e9cembre, d\u00e8s 13 h<\/strong><br \/>\nViateur Lefran\u00e7ois, pour son livre <em>Pays de l\u00e9gendes<\/em><\/p>\n<p style=\"text-align: justify;\"><strong>Dimanche 11 d\u00e9cembre, d\u00e8s 13 h<\/strong><br \/>\nLise Bonneville, pour son livre <em>L&rsquo;amour au fil du temps, tome 2<\/em><\/p>\n<p style=\"text-align: justify;\"><strong>Jeudi 15 d\u00e9cembre, d\u00e8s 18:15<\/strong><br \/>\nDany Giroux, pour sa bande dessin\u00e9e <em>L&rsquo;Alliance<\/em><\/p>\n<p style=\"text-align: justify;\"><strong>Samedi 17 d\u00e9cembre, d\u00e8s 13 h<br \/>\n<\/strong>Marie Lasnier et Louise Guay, pour leur livre <em>\u00c9tincelle et Biscuit au pays minuscule<\/em><\/p>\n<p style=\"text-align: justify;\"><strong>Dimanche 18 d\u00e9cembre, d\u00e8s 13 h<\/strong><br \/>\nMaryse Letarte et Julien Chung pour leur livre-cd <em>Mes jolies comptines \u00e0 \u00e9couter<\/em><\/p>\n<p style=\"text-align: justify;\"><strong>Jeudi 22 et vendredi 23 d\u00e9cembre d\u00e8s 13 h<\/strong><br \/>\nViateur Lefran\u00e7ois. pour son livre <em>Pays de l\u00e9gendes<\/em><\/p>\n<p style=\"text-align: justify;\">\n","protected":false},"excerpt":{"rendered":"<p>Comme d&rsquo;habitude, la Librairie Moderne organise quelques s\u00e9ances de signatures afin de vous faire d\u00e9couvrir nos auteurs locaux mais aussi ceux d&rsquo;ailleurs. Quelques uns sont connus, d&rsquo;autres moins; quoiqu&rsquo;il en soit, c&rsquo;est avec plaisir que nous les recevons. Prenez le temps de venir les rencontrer afin d&rsquo;\u00e9changer avec eux et peut-\u00eatre, les encourager en achetant un de leurs ouvrages qu&rsquo;ils [&#8230;]<\/p>\n","protected":false},"author":2,"featured_media":3693,"comment_status":"closed","ping_status":"closed","sticky":false,"template":"","format":"standard","meta":{"footnotes":""},"categories":[93],"tags":[],"class_list":["post-3467","post","type-post","status-publish","format-standard","has-post-thumbnail","hentry","category-evenements-a-venir"],"_links":{"self":[{"href":"https:\/\/librairiemoderne.com\/index.php?rest_route=\/wp\/v2\/posts\/3467","targetHints":{"allow":["GET"]}}],"collection":[{"href":"https:\/\/librairiemoderne.com\/index.php?rest_route=\/wp\/v2\/posts"}],"about":[{"href":"https:\/\/librairiemoderne.com\/index.php?rest_route=\/wp\/v2\/types\/post"}],"author":[{"embeddable":true,"href":"https:\/\/librairiemoderne.com\/index.php?rest_route=\/wp\/v2\/users\/2"}],"replies":[{"embeddable":true,"href":"https:\/\/librairiemoderne.com\/index.php?rest_route=%2Fwp%2Fv2%2Fcomments&post=3467"}],"version-history":[{"count":0,"href":"https:\/\/librairiemoderne.com\/index.php?rest_route=\/wp\/v2\/posts\/3467\/revisions"}],"wp:featuredmedia":[{"embeddable":true,"href":"https:\/\/librairiemoderne.com\/index.php?rest_route=\/wp\/v2\/media\/3693"}],"wp:attachment":[{"href":"https:\/\/librairiemoderne.com\/index.php?rest_route=%2Fwp%2Fv2%2Fmedia&parent=3467"}],"wp:term":[{"taxonomy":"category","embeddable":true,"href":"https:\/\/librairiemoderne.com\/index.php?rest_route=%2Fwp%2Fv2%2Fcategories&post=3467"},{"taxonomy":"post_tag","embeddable":true,"href":"https:\/\/librairiemoderne.com\/index.php?rest_route=%2Fwp%2Fv2%2Ftags&post=3467"}],"curies":[{"name":"wp","href":"https:\/\/api.w.org\/{rel}","templated":true}]}}