{"id":3516,"date":"2016-10-15T20:18:43","date_gmt":"2016-10-15T20:18:43","guid":{"rendered":"http:\/\/librairiemoderne.com\/?p=3516"},"modified":"2016-10-26T16:15:32","modified_gmt":"2016-10-26T16:15:32","slug":"m-crepeau-en-visite-chez-nous","status":"publish","type":"post","link":"https:\/\/librairiemoderne.com\/?p=3516","title":{"rendered":"M. Cr\u00e9peau en visite chez nous!"},"content":{"rendered":"<p><strong>Samedi, le 22 octobre d\u00e8s 13 h<\/strong><\/p>\n<p>Nous avons la fiert\u00e9 de recevoir <a href=\"http:\/\/moderne.leslibraires.ca\/recherche\/?s=Jean-Fran%C3%A7ois+Cr%C3%A9peau\">M. Jean-Fran\u00e7ois Cr\u00e9peau<\/a> pour une s\u00e9ance de d\u00e9dicaces. Publi\u00e9 aux \u00e9ditions Trois-Pistoles, son livre <a href=\"http:\/\/moderne.leslibraires.ca\/livres\/passion-chronique-jean-francois-crepeau-9782895833338.html\">Passion chronique<\/a> illustre \u00e0 merveille l&rsquo;homme. Depuis toujours, M. Cr\u00e9peau d\u00e9fend et honore, chroniques apr\u00e8s chroniques, la litt\u00e9rature qu\u00e9b\u00e9coise avec une verve communicative. Que vous ayez lu ses chroniques dans notre hebdomadaire local Le Canada Fran\u00e7ais ou dans le trimestriel Lettres Qu\u00e9b\u00e9coises dont il est le directeur adjoint, M. Jean-Fran\u00e7ois Cr\u00e9peau s&rsquo;av\u00e8re une source intarissable de suggestions \u00e9clair\u00e9es de lecture. Pour la libraire que je suis, je ne peux que saluer bien bas son apport ind\u00e9niable \u00e0 la mise en valeur de notre litt\u00e9rature, et plonger dans son livre sera certainement inspirant.<\/p>\n<p>Je vous invite donc \u00e0 venir rencontrer cet homme g\u00e9n\u00e9reux de son temps, avec qui discuter est un r\u00e9el plaisir!<\/p>\n<p>&nbsp;<\/p>\n<p>&nbsp;<\/p>\n","protected":false},"excerpt":{"rendered":"<p>Samedi, le 22 octobre d\u00e8s 13 h Nous avons la fiert\u00e9 de recevoir M. Jean-Fran\u00e7ois Cr\u00e9peau pour une s\u00e9ance de d\u00e9dicaces. Publi\u00e9 aux \u00e9ditions Trois-Pistoles, son livre Passion chronique illustre \u00e0 merveille l&rsquo;homme. Depuis toujours, M. Cr\u00e9peau d\u00e9fend et honore, chroniques apr\u00e8s chroniques, la litt\u00e9rature qu\u00e9b\u00e9coise avec une verve communicative. Que vous ayez lu ses chroniques dans notre hebdomadaire local [&#8230;]<\/p>\n","protected":false},"author":2,"featured_media":3518,"comment_status":"closed","ping_status":"closed","sticky":false,"template":"","format":"standard","meta":{"footnotes":""},"categories":[93],"tags":[],"class_list":["post-3516","post","type-post","status-publish","format-standard","has-post-thumbnail","hentry","category-evenements-a-venir"],"_links":{"self":[{"href":"https:\/\/librairiemoderne.com\/index.php?rest_route=\/wp\/v2\/posts\/3516","targetHints":{"allow":["GET"]}}],"collection":[{"href":"https:\/\/librairiemoderne.com\/index.php?rest_route=\/wp\/v2\/posts"}],"about":[{"href":"https:\/\/librairiemoderne.com\/index.php?rest_route=\/wp\/v2\/types\/post"}],"author":[{"embeddable":true,"href":"https:\/\/librairiemoderne.com\/index.php?rest_route=\/wp\/v2\/users\/2"}],"replies":[{"embeddable":true,"href":"https:\/\/librairiemoderne.com\/index.php?rest_route=%2Fwp%2Fv2%2Fcomments&post=3516"}],"version-history":[{"count":0,"href":"https:\/\/librairiemoderne.com\/index.php?rest_route=\/wp\/v2\/posts\/3516\/revisions"}],"wp:featuredmedia":[{"embeddable":true,"href":"https:\/\/librairiemoderne.com\/index.php?rest_route=\/wp\/v2\/media\/3518"}],"wp:attachment":[{"href":"https:\/\/librairiemoderne.com\/index.php?rest_route=%2Fwp%2Fv2%2Fmedia&parent=3516"}],"wp:term":[{"taxonomy":"category","embeddable":true,"href":"https:\/\/librairiemoderne.com\/index.php?rest_route=%2Fwp%2Fv2%2Fcategories&post=3516"},{"taxonomy":"post_tag","embeddable":true,"href":"https:\/\/librairiemoderne.com\/index.php?rest_route=%2Fwp%2Fv2%2Ftags&post=3516"}],"curies":[{"name":"wp","href":"https:\/\/api.w.org\/{rel}","templated":true}]}}