{"id":3561,"date":"2016-11-25T17:27:53","date_gmt":"2016-11-25T17:27:53","guid":{"rendered":"http:\/\/librairiemoderne.com\/?p=3561"},"modified":"2016-12-06T14:08:56","modified_gmt":"2016-12-06T14:08:56","slug":"atelier-bd-avec-raymond-parent","status":"publish","type":"post","link":"https:\/\/librairiemoderne.com\/?p=3561","title":{"rendered":"Atelier BD avec Raymond Parent!"},"content":{"rendered":"<p style=\"text-align: justify;\">La Librairie Moderne est tr\u00e8s heureuse d&rsquo;accueillir <a href=\"http:\/\/moderne.leslibraires.ca\/recherche\/?s=raymond+parent\">M. Raymond Parent<\/a> pour un atelier-conf\u00e9rence. Le b\u00e9d\u00e9iste et illustrateur, qui compte plusieurs bandes-dessin\u00e9es et livres illustr\u00e9s. Pour en conna\u00eetre un peu plus sur cet auteur, <a href=\"http:\/\/www.raymondparent.com\/\">cliquez ici<\/a>.<\/p>\n<p style=\"text-align: justify;\">L&rsquo;atelier-conf\u00e9rence, d&rsquo;une dur\u00e9e d&rsquo;environ 1 heure 15, s&rsquo;adresse \u00e0 tout enfant et adulte qui s&rsquo;int\u00e9resse au dessin et \u00e0 la bande dessin\u00e9e en g\u00e9n\u00e9ral. Par souci de gestion d&rsquo;espace, celle-ci \u00e9tant limit\u00e9e, nous pr\u00e9f\u00e9rerions que les personnes int\u00e9ress\u00e9es soumettent leurs inscriptions.<\/p>\n<p style=\"text-align: justify;\">Pour s&rsquo;inscrire en ligne, <a href=\"https:\/\/docs.google.com\/forms\/d\/e\/1FAIpQLSeVi1RT3vN3WmDjAcxh6ASu-JI5a9Rf8SmITbkxocY1apnv2A\/viewform?usp=send_form\"><strong>c&rsquo;est ici.<\/strong><\/a><\/p>\n<p style=\"text-align: justify;\">Pour s&rsquo;inscrire par t\u00e9l\u00e9phone, communiquez au 450 349-4584 et demandez une libraire.<\/p>\n<p style=\"text-align: justify;\"><a href=\"https:\/\/librairiemoderne.com\/wp-content\/uploads\/2016\/11\/atelier_1.jpg\"><img loading=\"lazy\" decoding=\"async\" class=\"alignnone size-full wp-image-3564\" src=\"https:\/\/librairiemoderne.com\/wp-content\/uploads\/2016\/11\/atelier_1.jpg\" alt=\"atelier_1\" width=\"580\" height=\"815\" srcset=\"https:\/\/librairiemoderne.com\/wp-content\/uploads\/2016\/11\/atelier_1.jpg 580w, https:\/\/librairiemoderne.com\/wp-content\/uploads\/2016\/11\/atelier_1-213x300.jpg 213w\" sizes=\"auto, (max-width: 580px) 100vw, 580px\" \/><\/a> <a href=\"https:\/\/librairiemoderne.com\/wp-content\/uploads\/2016\/11\/atelier_21.jpg\"><img loading=\"lazy\" decoding=\"async\" class=\"alignnone size-full wp-image-3565\" src=\"https:\/\/librairiemoderne.com\/wp-content\/uploads\/2016\/11\/atelier_21.jpg\" alt=\"atelier_21\" width=\"580\" height=\"956\" srcset=\"https:\/\/librairiemoderne.com\/wp-content\/uploads\/2016\/11\/atelier_21.jpg 580w, https:\/\/librairiemoderne.com\/wp-content\/uploads\/2016\/11\/atelier_21-182x300.jpg 182w\" sizes=\"auto, (max-width: 580px) 100vw, 580px\" \/><\/a><\/p>\n","protected":false},"excerpt":{"rendered":"<p>La Librairie Moderne est tr\u00e8s heureuse d&rsquo;accueillir M. Raymond Parent pour un atelier-conf\u00e9rence. Le b\u00e9d\u00e9iste et illustrateur, qui compte plusieurs bandes-dessin\u00e9es et livres illustr\u00e9s. Pour en conna\u00eetre un peu plus sur cet auteur, cliquez ici. L&rsquo;atelier-conf\u00e9rence, d&rsquo;une dur\u00e9e d&rsquo;environ 1 heure 15, s&rsquo;adresse \u00e0 tout enfant et adulte qui s&rsquo;int\u00e9resse au dessin et \u00e0 la bande dessin\u00e9e en g\u00e9n\u00e9ral. Par [&#8230;]<\/p>\n","protected":false},"author":2,"featured_media":3562,"comment_status":"closed","ping_status":"closed","sticky":false,"template":"","format":"standard","meta":{"footnotes":""},"categories":[93],"tags":[],"class_list":["post-3561","post","type-post","status-publish","format-standard","has-post-thumbnail","hentry","category-evenements-a-venir"],"_links":{"self":[{"href":"https:\/\/librairiemoderne.com\/index.php?rest_route=\/wp\/v2\/posts\/3561","targetHints":{"allow":["GET"]}}],"collection":[{"href":"https:\/\/librairiemoderne.com\/index.php?rest_route=\/wp\/v2\/posts"}],"about":[{"href":"https:\/\/librairiemoderne.com\/index.php?rest_route=\/wp\/v2\/types\/post"}],"author":[{"embeddable":true,"href":"https:\/\/librairiemoderne.com\/index.php?rest_route=\/wp\/v2\/users\/2"}],"replies":[{"embeddable":true,"href":"https:\/\/librairiemoderne.com\/index.php?rest_route=%2Fwp%2Fv2%2Fcomments&post=3561"}],"version-history":[{"count":0,"href":"https:\/\/librairiemoderne.com\/index.php?rest_route=\/wp\/v2\/posts\/3561\/revisions"}],"wp:featuredmedia":[{"embeddable":true,"href":"https:\/\/librairiemoderne.com\/index.php?rest_route=\/wp\/v2\/media\/3562"}],"wp:attachment":[{"href":"https:\/\/librairiemoderne.com\/index.php?rest_route=%2Fwp%2Fv2%2Fmedia&parent=3561"}],"wp:term":[{"taxonomy":"category","embeddable":true,"href":"https:\/\/librairiemoderne.com\/index.php?rest_route=%2Fwp%2Fv2%2Fcategories&post=3561"},{"taxonomy":"post_tag","embeddable":true,"href":"https:\/\/librairiemoderne.com\/index.php?rest_route=%2Fwp%2Fv2%2Ftags&post=3561"}],"curies":[{"name":"wp","href":"https:\/\/api.w.org\/{rel}","templated":true}]}}