{"id":3621,"date":"2016-11-28T03:20:48","date_gmt":"2016-11-28T03:20:48","guid":{"rendered":"http:\/\/librairiemoderne.com\/?p=3621"},"modified":"2016-12-10T21:05:33","modified_gmt":"2016-12-10T21:05:33","slug":"un-appel-du-pere-noel","status":"publish","type":"post","link":"https:\/\/librairiemoderne.com\/?p=3621","title":{"rendered":"Un appel du P\u00e8re No\u00ebl!"},"content":{"rendered":"<p><strong>Samedi le 10 d\u00e9cembre, de 10 \u00e0 midi<br \/>\n<\/strong><\/p>\n<p>Qui dit temps des f\u00eates, dit g\u00e9n\u00e9rosit\u00e9. Parce que les enfants malades et leurs familles ont besoin de r\u00e9pit, de soutien et d&rsquo;\u00e9coute, le Phare Enfants et Famille est l\u00e0, offrant son soutien, sa lumi\u00e8re.\u00a0 Je vous invite \u00e0 en apprendre davantage sur cet organisme \u00e0 but non lucratif <a href=\"http:\/\/www.phare-lighthouse.com\/\">ici<\/a>.<\/p>\n<p>C&rsquo;est dans cet esprit de partage que nous vous invitons \u00e0 rencontrer Mathilde Singer, auteure de l&rsquo;album <a href=\"http:\/\/moderne.leslibraires.ca\/livres\/un-appel-du-pere-noel-mathilde-singer-9782897397081.html\">Un appel du P\u00e8re No\u00ebl<\/a>, publi\u00e9 au b\u00e9n\u00e9fice du Phare Enfants et Famille aux \u00e9ditions Dominique et Compagnie. En plus de d\u00e9couvrir et de vous procurer, si vous le d\u00e9sirez, bien s\u00fbr! un magnifique album, vous aurez aussi la possibilit\u00e9 de contribuer davantage en achetant un v\u00e9ritable appel du non moins v\u00e9ritable P\u00e8re No\u00ebl pour votre enfant.<\/p>\n<p>C&rsquo;est donc un rendez-vous \u00e0 ne pas manquer! Soyons g\u00e9n\u00e9reux!<\/p>\n","protected":false},"excerpt":{"rendered":"<p>Samedi le 10 d\u00e9cembre, de 10 \u00e0 midi Qui dit temps des f\u00eates, dit g\u00e9n\u00e9rosit\u00e9. Parce que les enfants malades et leurs familles ont besoin de r\u00e9pit, de soutien et d&rsquo;\u00e9coute, le Phare Enfants et Famille est l\u00e0, offrant son soutien, sa lumi\u00e8re.\u00a0 Je vous invite \u00e0 en apprendre davantage sur cet organisme \u00e0 but non lucratif ici. C&rsquo;est dans [&#8230;]<\/p>\n","protected":false},"author":2,"featured_media":3671,"comment_status":"closed","ping_status":"closed","sticky":false,"template":"","format":"standard","meta":{"footnotes":""},"categories":[93],"tags":[],"class_list":["post-3621","post","type-post","status-publish","format-standard","has-post-thumbnail","hentry","category-evenements-a-venir"],"_links":{"self":[{"href":"https:\/\/librairiemoderne.com\/index.php?rest_route=\/wp\/v2\/posts\/3621","targetHints":{"allow":["GET"]}}],"collection":[{"href":"https:\/\/librairiemoderne.com\/index.php?rest_route=\/wp\/v2\/posts"}],"about":[{"href":"https:\/\/librairiemoderne.com\/index.php?rest_route=\/wp\/v2\/types\/post"}],"author":[{"embeddable":true,"href":"https:\/\/librairiemoderne.com\/index.php?rest_route=\/wp\/v2\/users\/2"}],"replies":[{"embeddable":true,"href":"https:\/\/librairiemoderne.com\/index.php?rest_route=%2Fwp%2Fv2%2Fcomments&post=3621"}],"version-history":[{"count":0,"href":"https:\/\/librairiemoderne.com\/index.php?rest_route=\/wp\/v2\/posts\/3621\/revisions"}],"wp:featuredmedia":[{"embeddable":true,"href":"https:\/\/librairiemoderne.com\/index.php?rest_route=\/wp\/v2\/media\/3671"}],"wp:attachment":[{"href":"https:\/\/librairiemoderne.com\/index.php?rest_route=%2Fwp%2Fv2%2Fmedia&parent=3621"}],"wp:term":[{"taxonomy":"category","embeddable":true,"href":"https:\/\/librairiemoderne.com\/index.php?rest_route=%2Fwp%2Fv2%2Fcategories&post=3621"},{"taxonomy":"post_tag","embeddable":true,"href":"https:\/\/librairiemoderne.com\/index.php?rest_route=%2Fwp%2Fv2%2Ftags&post=3621"}],"curies":[{"name":"wp","href":"https:\/\/api.w.org\/{rel}","templated":true}]}}