{"id":375,"date":"2014-11-14T06:26:44","date_gmt":"2014-11-14T06:26:44","guid":{"rendered":"http:\/\/librairiemoderne.com\/?p=375"},"modified":"2015-01-27T01:39:37","modified_gmt":"2015-01-27T01:39:37","slug":"la-fabrica-2","status":"publish","type":"post","link":"https:\/\/librairiemoderne.com\/?p=375","title":{"rendered":"La Fabrica"},"content":{"rendered":"<p><a href=\"https:\/\/librairiemoderne.com\/wp-content\/uploads\/2014\/10\/mini-suggerent1-e1415942048322.png\"><img loading=\"lazy\" decoding=\"async\" class=\"alignnone wp-image-181 size-full\" src=\"https:\/\/librairiemoderne.com\/wp-content\/uploads\/2014\/10\/mini-suggerent1-e1415942048322.png\" alt=\"mini suggerent\" width=\"128\" height=\"40\" \/><\/a><strong><br \/>\n<a href=\"http:\/\/moderne.leslibraires.ca\/livres\/fabrica-marilyne-fortin-9782764427293.html\">La Fabrica<\/a><\/strong>, <em>Marilyne Fortin, Qu\u00e9bec Am\u00e9rique 664 p., 26,95$<\/em><\/p>\n<p><a title=\"http:\/\/www.leslibraires.ca\/media\/vignettes-auto\/image\/180x0\/livres\/682\/9782764427682.jpg\" href=\"http:\/\/moderne.leslibraires.ca\/livres\/fabrica-marilyne-fortin-9782764427293.html\"><img loading=\"lazy\" decoding=\"async\" class=\"alignleft size-full wp-image-378\" src=\"https:\/\/librairiemoderne.com\/wp-content\/uploads\/2014\/11\/fabrica.jpg\" alt=\"fabrica\" width=\"180\" height=\"261\" \/><\/a>La Fabrica, c\u2019est la vie imaginaire de l\u2019artiste bien r\u00e9el, mais anonyme, qui a ex\u00e9cut\u00e9 les dessins de l\u2019un des premiers trait\u00e9s d\u2019anatomie, publi\u00e9 en 1543. Blaise est l\u2019\u00e9l\u00e8ve dou\u00e9 d\u2019un peintre et promis \u00e0 un bel avenir. Il devra pourtant se r\u00e9soudre \u00e0 supporter le joug de l\u2019anatomiste De Vallon, qui l\u2019oblige \u00e0 d\u00e9nicher des cadavres pour les \u00e9tudier et qui lui ordonne de les dessiner. On s\u2019attache \u00e0 Blaise, cet artiste solitaire, timide, mais pas dupe, et on appr\u00e9cie Marie-Ursule, une prostitu\u00e9e qui croise son chemin. Tous deux devront s\u2019affranchir des carcans qu\u2019impose leur \u00e9poque. L\u2019auteure entrem\u00eale habilement les faits et la fiction pour pr\u00e9senter un premier roman fort bien construit, \u00e0 l\u2019\u00e9criture juste et, qui plus est, qu\u2019on abandonne difficilement.<\/p>\n<p><em>Un coup de coeur de Chantal Fontaine, libraire<br \/>\n(Texte paru pr\u00e9c\u00e9demment dans la revue <a href=\"http:\/\/revue.leslibraires.ca\/\">Les Libraires<\/a>, oct-nov 2014, #85)<\/em><\/p>\n","protected":false},"excerpt":{"rendered":"<p>La Fabrica, Marilyne Fortin, Qu\u00e9bec Am\u00e9rique 664 p., 26,95$ La Fabrica, c\u2019est la vie imaginaire de l\u2019artiste bien r\u00e9el, mais anonyme, qui a ex\u00e9cut\u00e9 les dessins de l\u2019un des premiers trait\u00e9s d\u2019anatomie, publi\u00e9 en 1543. Blaise est l\u2019\u00e9l\u00e8ve dou\u00e9 d\u2019un peintre et promis \u00e0 un bel avenir. Il devra pourtant se r\u00e9soudre \u00e0 supporter le joug de l\u2019anatomiste De Vallon, [&#8230;]<\/p>\n","protected":false},"author":2,"featured_media":0,"comment_status":"closed","ping_status":"closed","sticky":false,"template":"","format":"standard","meta":{"footnotes":""},"categories":[3],"tags":[186,90,145,125,146],"class_list":["post-375","post","type-post","status-publish","format-standard","hentry","category-coup-de-coeur","tag-auteur-quebecois","tag-chantal-fontaine","tag-les-libraires","tag-quebec-amerique","tag-roman-quebecois"],"_links":{"self":[{"href":"https:\/\/librairiemoderne.com\/index.php?rest_route=\/wp\/v2\/posts\/375","targetHints":{"allow":["GET"]}}],"collection":[{"href":"https:\/\/librairiemoderne.com\/index.php?rest_route=\/wp\/v2\/posts"}],"about":[{"href":"https:\/\/librairiemoderne.com\/index.php?rest_route=\/wp\/v2\/types\/post"}],"author":[{"embeddable":true,"href":"https:\/\/librairiemoderne.com\/index.php?rest_route=\/wp\/v2\/users\/2"}],"replies":[{"embeddable":true,"href":"https:\/\/librairiemoderne.com\/index.php?rest_route=%2Fwp%2Fv2%2Fcomments&post=375"}],"version-history":[{"count":0,"href":"https:\/\/librairiemoderne.com\/index.php?rest_route=\/wp\/v2\/posts\/375\/revisions"}],"wp:attachment":[{"href":"https:\/\/librairiemoderne.com\/index.php?rest_route=%2Fwp%2Fv2%2Fmedia&parent=375"}],"wp:term":[{"taxonomy":"category","embeddable":true,"href":"https:\/\/librairiemoderne.com\/index.php?rest_route=%2Fwp%2Fv2%2Fcategories&post=375"},{"taxonomy":"post_tag","embeddable":true,"href":"https:\/\/librairiemoderne.com\/index.php?rest_route=%2Fwp%2Fv2%2Ftags&post=375"}],"curies":[{"name":"wp","href":"https:\/\/api.w.org\/{rel}","templated":true}]}}