{"id":3751,"date":"2017-02-17T21:39:46","date_gmt":"2017-02-17T21:39:46","guid":{"rendered":"http:\/\/librairiemoderne.com\/?p=3751"},"modified":"2017-03-01T03:39:48","modified_gmt":"2017-03-01T03:39:48","slug":"veronique-daudelin","status":"publish","type":"post","link":"https:\/\/librairiemoderne.com\/?p=3751","title":{"rendered":"V\u00e9ronique Daudelin"},"content":{"rendered":"<p><strong>Samedi le 25 f\u00e9vrier, d\u00e8s 13 h<\/strong><\/p>\n<p>Nous avons le plaisir de recevoir V\u00e9ronique Daudelin, pour son livre <a href=\"http:\/\/moderne.leslibraires.ca\/livres\/je-pars-en-inde-veronique-daudelin-9782894488829.html\"><em>Je pars en Inde,<\/em><\/a> publi\u00e9 chez Hamac. Originaire de Saint-Jean-sur-Richelieu, Mme Daudelin est com\u00e9dienne et a coanim\u00e9\u00a0 l&rsquo;\u00e9mission Azimut, sur \u00c9vasion.<\/p>\n<p>Dans ce livre inspirant, l&rsquo;auteure raconte son voyage en Inde sans pudeur et avec lucidit\u00e9. Partie en esp\u00e9rant changer sa vie, elle se confronte \u00e0 ses limites et d\u00e9couvre ses possibilit\u00e9s.<\/p>\n<p>Venez rencontrer cette auteure bien de chez nous et profitez de sa pr\u00e9sence pour discuter et faire d\u00e9dicacer votre livre. Bienvenue \u00e0 tous!<\/p>\n<p>&nbsp;<\/p>\n<p><span style=\"font-size: large;\"><span lang=\"FR-CA\">\u00a0<\/span><\/span><\/p>\n","protected":false},"excerpt":{"rendered":"<p>Samedi le 25 f\u00e9vrier, d\u00e8s 13 h Nous avons le plaisir de recevoir V\u00e9ronique Daudelin, pour son livre Je pars en Inde, publi\u00e9 chez Hamac. Originaire de Saint-Jean-sur-Richelieu, Mme Daudelin est com\u00e9dienne et a coanim\u00e9\u00a0 l&rsquo;\u00e9mission Azimut, sur \u00c9vasion. Dans ce livre inspirant, l&rsquo;auteure raconte son voyage en Inde sans pudeur et avec lucidit\u00e9. Partie en esp\u00e9rant changer sa vie, [&#8230;]<\/p>\n","protected":false},"author":2,"featured_media":3752,"comment_status":"closed","ping_status":"closed","sticky":false,"template":"","format":"standard","meta":{"footnotes":""},"categories":[93],"tags":[],"class_list":["post-3751","post","type-post","status-publish","format-standard","has-post-thumbnail","hentry","category-evenements-a-venir"],"_links":{"self":[{"href":"https:\/\/librairiemoderne.com\/index.php?rest_route=\/wp\/v2\/posts\/3751","targetHints":{"allow":["GET"]}}],"collection":[{"href":"https:\/\/librairiemoderne.com\/index.php?rest_route=\/wp\/v2\/posts"}],"about":[{"href":"https:\/\/librairiemoderne.com\/index.php?rest_route=\/wp\/v2\/types\/post"}],"author":[{"embeddable":true,"href":"https:\/\/librairiemoderne.com\/index.php?rest_route=\/wp\/v2\/users\/2"}],"replies":[{"embeddable":true,"href":"https:\/\/librairiemoderne.com\/index.php?rest_route=%2Fwp%2Fv2%2Fcomments&post=3751"}],"version-history":[{"count":0,"href":"https:\/\/librairiemoderne.com\/index.php?rest_route=\/wp\/v2\/posts\/3751\/revisions"}],"wp:featuredmedia":[{"embeddable":true,"href":"https:\/\/librairiemoderne.com\/index.php?rest_route=\/wp\/v2\/media\/3752"}],"wp:attachment":[{"href":"https:\/\/librairiemoderne.com\/index.php?rest_route=%2Fwp%2Fv2%2Fmedia&parent=3751"}],"wp:term":[{"taxonomy":"category","embeddable":true,"href":"https:\/\/librairiemoderne.com\/index.php?rest_route=%2Fwp%2Fv2%2Fcategories&post=3751"},{"taxonomy":"post_tag","embeddable":true,"href":"https:\/\/librairiemoderne.com\/index.php?rest_route=%2Fwp%2Fv2%2Ftags&post=3751"}],"curies":[{"name":"wp","href":"https:\/\/api.w.org\/{rel}","templated":true}]}}