{"id":3776,"date":"2019-05-15T05:29:46","date_gmt":"2019-05-15T05:29:46","guid":{"rendered":"http:\/\/librairiemoderne.com\/?p=3776"},"modified":"2019-05-29T21:26:24","modified_gmt":"2019-05-29T21:26:24","slug":"seance-de-dedicaces-avec-valerie-fontaine","status":"publish","type":"post","link":"https:\/\/librairiemoderne.com\/?p=3776","title":{"rendered":"S\u00e9ance de d\u00e9dicaces avec Val\u00e9rie Fontaine"},"content":{"rendered":"<p><strong>Dimanche le 26 mai, de 10 \u00e0 12h30<br \/>\n<\/strong><\/p>\n<p>Nous sommes choy\u00e9s, \u00e0 la Librairie Moderne, d&rsquo;accueillir si r\u00e9guli\u00e8rement la dynamique auteure johannaise <a href=\"https:\/\/moderne.leslibraires.ca\/recherche\/?s=valerie+fontaine\">Val\u00e9rie Fontaine.<\/a> Malgr\u00e9 un horaire bien rempli, elle trouve toujours le temps de passer nous voir! G\u00e9n\u00e9reuse et inspirante lorsqu&rsquo;elle rencontre son jeune public, elle sait parler aux enfants et surtout, leur raconter des histoires qui leur plaisent, peu importe l&rsquo;\u00e2ge qu&rsquo;ils ont.<\/p>\n<p>Apr\u00e8s avoir enseign\u00e9 \u00e0 la CSDHR, Val\u00e9rie est devenue une auteure jeunesse prolifique et anime maintenant, via Facebook, une heure du conte fort populaire \u00e0 tous les mardi, \u00e0 19 h. Elle fait aussi des animations en classe ou en biblioth\u00e8que. <a href=\"https:\/\/fr-ca.facebook.com\/auteure.valeriefontaine\/\">Pour communiquer avec elle ou\u00a0\u00e9couter ses histoires, c&rsquo;est ici.<\/a><\/p>\n<p>Elle nous pr\u00e9sentera ses cinq (!) nouveaux livres!!! Profitez de sa pr\u00e9sence pour lui piquer un brin de jasette!<\/p>\n<p>On vous attend!<\/p>\n","protected":false},"excerpt":{"rendered":"<p>Dimanche le 26 mai, de 10 \u00e0 12h30 Nous sommes choy\u00e9s, \u00e0 la Librairie Moderne, d&rsquo;accueillir si r\u00e9guli\u00e8rement la dynamique auteure johannaise Val\u00e9rie Fontaine. Malgr\u00e9 un horaire bien rempli, elle trouve toujours le temps de passer nous voir! G\u00e9n\u00e9reuse et inspirante lorsqu&rsquo;elle rencontre son jeune public, elle sait parler aux enfants et surtout, leur raconter des histoires qui leur plaisent, [&#8230;]<\/p>\n","protected":false},"author":2,"featured_media":5171,"comment_status":"closed","ping_status":"closed","sticky":false,"template":"","format":"standard","meta":{"footnotes":""},"categories":[93],"tags":[102],"class_list":["post-3776","post","type-post","status-publish","format-standard","has-post-thumbnail","hentry","category-evenements-a-venir","tag-valerie-fontaine"],"_links":{"self":[{"href":"https:\/\/librairiemoderne.com\/index.php?rest_route=\/wp\/v2\/posts\/3776","targetHints":{"allow":["GET"]}}],"collection":[{"href":"https:\/\/librairiemoderne.com\/index.php?rest_route=\/wp\/v2\/posts"}],"about":[{"href":"https:\/\/librairiemoderne.com\/index.php?rest_route=\/wp\/v2\/types\/post"}],"author":[{"embeddable":true,"href":"https:\/\/librairiemoderne.com\/index.php?rest_route=\/wp\/v2\/users\/2"}],"replies":[{"embeddable":true,"href":"https:\/\/librairiemoderne.com\/index.php?rest_route=%2Fwp%2Fv2%2Fcomments&post=3776"}],"version-history":[{"count":0,"href":"https:\/\/librairiemoderne.com\/index.php?rest_route=\/wp\/v2\/posts\/3776\/revisions"}],"wp:featuredmedia":[{"embeddable":true,"href":"https:\/\/librairiemoderne.com\/index.php?rest_route=\/wp\/v2\/media\/5171"}],"wp:attachment":[{"href":"https:\/\/librairiemoderne.com\/index.php?rest_route=%2Fwp%2Fv2%2Fmedia&parent=3776"}],"wp:term":[{"taxonomy":"category","embeddable":true,"href":"https:\/\/librairiemoderne.com\/index.php?rest_route=%2Fwp%2Fv2%2Fcategories&post=3776"},{"taxonomy":"post_tag","embeddable":true,"href":"https:\/\/librairiemoderne.com\/index.php?rest_route=%2Fwp%2Fv2%2Ftags&post=3776"}],"curies":[{"name":"wp","href":"https:\/\/api.w.org\/{rel}","templated":true}]}}