{"id":3906,"date":"2017-05-21T16:10:28","date_gmt":"2017-05-21T16:10:28","guid":{"rendered":"http:\/\/librairiemoderne.com\/?p=3906"},"modified":"2017-06-05T01:25:01","modified_gmt":"2017-06-05T01:25:01","slug":"des-activites-pour-le-3-juin","status":"publish","type":"post","link":"https:\/\/librairiemoderne.com\/?p=3906","title":{"rendered":"Des activit\u00e9s pour le 3 juin!"},"content":{"rendered":"<p>Journ\u00e9e des librairies ind\u00e9pendantes<br \/>\nSamedi le 3 juin<\/p>\n<p>Votre libraire est tout \u00e0 fait excit\u00e9e \u00e0 l&rsquo;id\u00e9e de cette journ\u00e9e o\u00f9 l&rsquo;on souligne le m\u00e9tier de libraire&#8230; Afin de faire du 3 juin un moment m\u00e9morable, je vous ai pr\u00e9par\u00e9 toute une journ\u00e9e!<\/p>\n<p>En plus de pr\u00e9senter une tabl\u00e9e de nos coups de coeur de libraires, nous en profitons pour recevoir deux auteurs qui sauront vous plaire! Ainsi, en matin\u00e9e, nous honorons nos jeunes lecteurs avec Yvan DeMuy, l&rsquo;auteur de la s\u00e9rie <em>Les soucis d&rsquo;un Sansoucy<\/em>. En apr\u00e8s-midi, nous recevons Nathalie Roy, dont le plus r\u00e9cent roman, <em>Pourquoi pars-tu, Alice?<\/em>, vient tout juste d&rsquo;\u00eatre publi\u00e9.<\/p>\n<p>Aussi, les \u00e9ditions Dominique et compagnie offrent \u00e0 nos tout-petits des cahiers de coloriage de Galette. Ils pourront s&rsquo;installer dans notre coin jeunesse et colorier en toute tranquillit\u00e9. \u00c9videmment, le tout est en quantit\u00e9 limit\u00e9e&#8230; mais nous trouverons bien quelque chose \u00e0 colorier lorsqu&rsquo;il n&rsquo;y en aura plus!<\/p>\n<p>La deuxi\u00e8me Journ\u00e9e des librairies ind\u00e9pendantes \u00e9tant l&rsquo;occasion de f\u00eater, des petites douceurs vous seront servies durant les visites d&rsquo;auteurs.<\/p>\n<p>Aussi, un tirage \u00e0 toutes les demi-heures aura lieu. Donc, de 9 \u00e0 17 h, il y aura des livres, des rabais entre 5 et 25% ou des certificats cadeau \u00e0 gagner! Super, n&rsquo;est-ce pas?<\/p>\n<p>Vous voulez d&rsquo;avantage d&rsquo;informations sur nos activit\u00e9s?<\/p>\n<ul>\n<li><a href=\"https:\/\/librairiemoderne.com\/?p=3915\">Activit\u00e9 avec Yvan DeMuy<\/a><\/li>\n<li><a href=\"https:\/\/librairiemoderne.com\/?p=3909\">Activit\u00e9 avec Nathalie Roy<\/a><\/li>\n<li><a href=\"https:\/\/librairiemoderne.com\/?p=3959\">Tirage \u00e0 toutes les demi-heures<\/a><\/li>\n<\/ul>\n<p>Sur ce, je vous souhaite une excellente Journ\u00e9e des librairies ind\u00e9pendantes!<\/p>\n<p><a href=\"https:\/\/librairiemoderne.com\/wp-content\/uploads\/2017\/05\/2e_edition_Journee_des_librairies_independantes.pdf\">Voici le communiqu\u00e9 de presse officiel.<\/a><\/p>\n<p>&nbsp;<\/p>\n<p>&nbsp;<\/p>\n<p>&nbsp;<\/p>\n","protected":false},"excerpt":{"rendered":"<p>Journ\u00e9e des librairies ind\u00e9pendantes Samedi le 3 juin Votre libraire est tout \u00e0 fait excit\u00e9e \u00e0 l&rsquo;id\u00e9e de cette journ\u00e9e o\u00f9 l&rsquo;on souligne le m\u00e9tier de libraire&#8230; Afin de faire du 3 juin un moment m\u00e9morable, je vous ai pr\u00e9par\u00e9 toute une journ\u00e9e! En plus de pr\u00e9senter une tabl\u00e9e de nos coups de coeur de libraires, nous en profitons pour [&#8230;]<\/p>\n","protected":false},"author":2,"featured_media":3907,"comment_status":"closed","ping_status":"closed","sticky":false,"template":"","format":"standard","meta":{"footnotes":""},"categories":[93],"tags":[402],"class_list":["post-3906","post","type-post","status-publish","format-standard","has-post-thumbnail","hentry","category-evenements-a-venir","tag-journee-des-librairies-independantes"],"_links":{"self":[{"href":"https:\/\/librairiemoderne.com\/index.php?rest_route=\/wp\/v2\/posts\/3906","targetHints":{"allow":["GET"]}}],"collection":[{"href":"https:\/\/librairiemoderne.com\/index.php?rest_route=\/wp\/v2\/posts"}],"about":[{"href":"https:\/\/librairiemoderne.com\/index.php?rest_route=\/wp\/v2\/types\/post"}],"author":[{"embeddable":true,"href":"https:\/\/librairiemoderne.com\/index.php?rest_route=\/wp\/v2\/users\/2"}],"replies":[{"embeddable":true,"href":"https:\/\/librairiemoderne.com\/index.php?rest_route=%2Fwp%2Fv2%2Fcomments&post=3906"}],"version-history":[{"count":0,"href":"https:\/\/librairiemoderne.com\/index.php?rest_route=\/wp\/v2\/posts\/3906\/revisions"}],"wp:featuredmedia":[{"embeddable":true,"href":"https:\/\/librairiemoderne.com\/index.php?rest_route=\/wp\/v2\/media\/3907"}],"wp:attachment":[{"href":"https:\/\/librairiemoderne.com\/index.php?rest_route=%2Fwp%2Fv2%2Fmedia&parent=3906"}],"wp:term":[{"taxonomy":"category","embeddable":true,"href":"https:\/\/librairiemoderne.com\/index.php?rest_route=%2Fwp%2Fv2%2Fcategories&post=3906"},{"taxonomy":"post_tag","embeddable":true,"href":"https:\/\/librairiemoderne.com\/index.php?rest_route=%2Fwp%2Fv2%2Ftags&post=3906"}],"curies":[{"name":"wp","href":"https:\/\/api.w.org\/{rel}","templated":true}]}}