{"id":3909,"date":"2017-05-21T03:58:15","date_gmt":"2017-05-21T03:58:15","guid":{"rendered":"http:\/\/librairiemoderne.com\/?p=3909"},"modified":"2017-06-05T01:24:41","modified_gmt":"2017-06-05T01:24:41","slug":"3909","status":"publish","type":"post","link":"https:\/\/librairiemoderne.com\/?p=3909","title":{"rendered":"Nathalie Roy en visite chez nous!"},"content":{"rendered":"<p>Journ\u00e9e des librairies ind\u00e9pendantes<br \/>\nSamedi le 3 juin, de 14 \u00e0 16 h<\/p>\n<p>Dans le cadre de nos activit\u00e9s entourant la deuxi\u00e8me Journ\u00e9e des librairies ind\u00e9pendantes, la Librairie Moderne est tr\u00e8s heureuse d&rsquo;accueillir l&rsquo;auteure <a href=\"http:\/\/moderne.leslibraires.ca\/livres\/pourquoi-pars-tu-alice-nathalie-roy-9782764812105.html\">Nathalie Roy<\/a>.<\/p>\n<p>Elle nous pr\u00e9sentera son tout dernier roman, <em>Pourquoi pars-tu, Alice?<\/em>, publi\u00e9 chez Libre Expression. Nathalie Roy est aussi l&rsquo;auteure de <em>\u00c7a peut pas \u00eatre pire&#8230;<\/em> en plus des c\u00e9l\u00e8bres s\u00e9ries <em>La vie \u00e9pic\u00e9e de Charlotte Lavigne<\/em> et <em>La vie sucr\u00e9e de Juliette Gagnon.<\/em><\/p>\n<p>L&rsquo;\u00e9v\u00e9nement consistera en un court \u00e9change dans lequel nous discuterons de son m\u00e9tier et de ce qui l&rsquo;anime et sera suivi d&rsquo;une s\u00e9ance de d\u00e9dicaces. Des petites douceurs seront servies.<\/p>\n<p>C&rsquo;est donc un rendez-vous \u00e0 ne pas manquer!<\/p>\n","protected":false},"excerpt":{"rendered":"<p>Journ\u00e9e des librairies ind\u00e9pendantes Samedi le 3 juin, de 14 \u00e0 16 h Dans le cadre de nos activit\u00e9s entourant la deuxi\u00e8me Journ\u00e9e des librairies ind\u00e9pendantes, la Librairie Moderne est tr\u00e8s heureuse d&rsquo;accueillir l&rsquo;auteure Nathalie Roy. Elle nous pr\u00e9sentera son tout dernier roman, Pourquoi pars-tu, Alice?, publi\u00e9 chez Libre Expression. Nathalie Roy est aussi l&rsquo;auteure de \u00c7a peut pas \u00eatre [&#8230;]<\/p>\n","protected":false},"author":2,"featured_media":3910,"comment_status":"closed","ping_status":"closed","sticky":false,"template":"","format":"standard","meta":{"footnotes":""},"categories":[93],"tags":[402],"class_list":["post-3909","post","type-post","status-publish","format-standard","has-post-thumbnail","hentry","category-evenements-a-venir","tag-journee-des-librairies-independantes"],"_links":{"self":[{"href":"https:\/\/librairiemoderne.com\/index.php?rest_route=\/wp\/v2\/posts\/3909","targetHints":{"allow":["GET"]}}],"collection":[{"href":"https:\/\/librairiemoderne.com\/index.php?rest_route=\/wp\/v2\/posts"}],"about":[{"href":"https:\/\/librairiemoderne.com\/index.php?rest_route=\/wp\/v2\/types\/post"}],"author":[{"embeddable":true,"href":"https:\/\/librairiemoderne.com\/index.php?rest_route=\/wp\/v2\/users\/2"}],"replies":[{"embeddable":true,"href":"https:\/\/librairiemoderne.com\/index.php?rest_route=%2Fwp%2Fv2%2Fcomments&post=3909"}],"version-history":[{"count":0,"href":"https:\/\/librairiemoderne.com\/index.php?rest_route=\/wp\/v2\/posts\/3909\/revisions"}],"wp:featuredmedia":[{"embeddable":true,"href":"https:\/\/librairiemoderne.com\/index.php?rest_route=\/wp\/v2\/media\/3910"}],"wp:attachment":[{"href":"https:\/\/librairiemoderne.com\/index.php?rest_route=%2Fwp%2Fv2%2Fmedia&parent=3909"}],"wp:term":[{"taxonomy":"category","embeddable":true,"href":"https:\/\/librairiemoderne.com\/index.php?rest_route=%2Fwp%2Fv2%2Fcategories&post=3909"},{"taxonomy":"post_tag","embeddable":true,"href":"https:\/\/librairiemoderne.com\/index.php?rest_route=%2Fwp%2Fv2%2Ftags&post=3909"}],"curies":[{"name":"wp","href":"https:\/\/api.w.org\/{rel}","templated":true}]}}