{"id":4105,"date":"2017-07-28T15:50:30","date_gmt":"2017-07-28T15:50:30","guid":{"rendered":"http:\/\/librairiemoderne.com\/?p=4105"},"modified":"2017-08-15T13:55:07","modified_gmt":"2017-08-15T13:55:07","slug":"la-litterature-quebecoise-a-lhonneur","status":"publish","type":"post","link":"https:\/\/librairiemoderne.com\/?p=4105","title":{"rendered":"La litt\u00e9rature qu\u00e9b\u00e9coise \u00e0 l&rsquo;honneur!"},"content":{"rendered":"<p>J&rsquo;ai tr\u00e8s tr\u00e8s h\u00e2te au 12 ao\u00fbt, et vous? La journ\u00e9e Le 12 ao\u00fbt, j&rsquo;ach\u00e8te un livre qu\u00e9b\u00e9cois, c&rsquo;est le No\u00ebl des libraires! On assiste \u00e0 un v\u00e9ritable raz-de-mar\u00e9e de passionn\u00e9(e)s de la litt\u00e9rature qu\u00e9b\u00e9coise et c&rsquo;est tout simplement magnifique&#8230; De constater l&rsquo;engouement et la ferveur de chacun(e) pour cette journ\u00e9e, c&rsquo;est revigorant, \u00e7a fait chaud au coeur, vraiment.<\/p>\n<p>Afin de vous inspirer pour vos achats, je vous invite \u00e0 visiter <a href=\"https:\/\/www.leslibraires.ca\/thematique\/le-12-aout-j-achete-un-1163\/\">le site Les Libraires<\/a> pour d\u00e9couvrir les s\u00e9lections du jour, d\u00e9termin\u00e9es par une dizaine de librairies participantes. <a href=\"http:\/\/revue.leslibraires.ca\/actualites\/nos-thematiques\/12-livres-quebecois-pour-la-jeunesse\">Les miennes sont ici. <\/a><\/p>\n<p>\u00c0 l&rsquo;occasion de ce super samedi, nous recevons trois auteurs.<\/p>\n<p>10 \u00e0 14 h: Patricia Rioux, pour son album Papa-Jo et le voleur aux petits pas. <a href=\"https:\/\/librairiemoderne.com\/?p=4111\">Pour en savoir plus, c&rsquo;est ici.<\/a><\/p>\n<p>15 \u00e0 17 h: Bruno St-Aubin et Carole Reid Forget, qui publient ensemble chez Dominique et Compagnie les collections Maman et Papa. <a href=\"https:\/\/librairiemoderne.com\/?p=4115\">Pour en savoir plus, c&rsquo;est ici.<\/a><\/p>\n<p>De plus, un tirage de 6 albums des \u00e9ditions Scholastic aura lieu \u00e0 16h30. Remplissez votre coupon de tirage en librairie.<\/p>\n<p>Le 12 ao\u00fbt, j&rsquo;ach\u00e8te un livre qu\u00e9b\u00e9cois&#8230; Soyez des n\u00f4tres!<\/p>\n","protected":false},"excerpt":{"rendered":"<p>J&rsquo;ai tr\u00e8s tr\u00e8s h\u00e2te au 12 ao\u00fbt, et vous? La journ\u00e9e Le 12 ao\u00fbt, j&rsquo;ach\u00e8te un livre qu\u00e9b\u00e9cois, c&rsquo;est le No\u00ebl des libraires! On assiste \u00e0 un v\u00e9ritable raz-de-mar\u00e9e de passionn\u00e9(e)s de la litt\u00e9rature qu\u00e9b\u00e9coise et c&rsquo;est tout simplement magnifique&#8230; De constater l&rsquo;engouement et la ferveur de chacun(e) pour cette journ\u00e9e, c&rsquo;est revigorant, \u00e7a fait chaud au coeur, vraiment. Afin [&#8230;]<\/p>\n","protected":false},"author":2,"featured_media":4106,"comment_status":"closed","ping_status":"closed","sticky":false,"template":"","format":"standard","meta":{"footnotes":""},"categories":[93],"tags":[406],"class_list":["post-4105","post","type-post","status-publish","format-standard","has-post-thumbnail","hentry","category-evenements-a-venir","tag-12-aout"],"_links":{"self":[{"href":"https:\/\/librairiemoderne.com\/index.php?rest_route=\/wp\/v2\/posts\/4105","targetHints":{"allow":["GET"]}}],"collection":[{"href":"https:\/\/librairiemoderne.com\/index.php?rest_route=\/wp\/v2\/posts"}],"about":[{"href":"https:\/\/librairiemoderne.com\/index.php?rest_route=\/wp\/v2\/types\/post"}],"author":[{"embeddable":true,"href":"https:\/\/librairiemoderne.com\/index.php?rest_route=\/wp\/v2\/users\/2"}],"replies":[{"embeddable":true,"href":"https:\/\/librairiemoderne.com\/index.php?rest_route=%2Fwp%2Fv2%2Fcomments&post=4105"}],"version-history":[{"count":0,"href":"https:\/\/librairiemoderne.com\/index.php?rest_route=\/wp\/v2\/posts\/4105\/revisions"}],"wp:featuredmedia":[{"embeddable":true,"href":"https:\/\/librairiemoderne.com\/index.php?rest_route=\/wp\/v2\/media\/4106"}],"wp:attachment":[{"href":"https:\/\/librairiemoderne.com\/index.php?rest_route=%2Fwp%2Fv2%2Fmedia&parent=4105"}],"wp:term":[{"taxonomy":"category","embeddable":true,"href":"https:\/\/librairiemoderne.com\/index.php?rest_route=%2Fwp%2Fv2%2Fcategories&post=4105"},{"taxonomy":"post_tag","embeddable":true,"href":"https:\/\/librairiemoderne.com\/index.php?rest_route=%2Fwp%2Fv2%2Ftags&post=4105"}],"curies":[{"name":"wp","href":"https:\/\/api.w.org\/{rel}","templated":true}]}}