{"id":4195,"date":"2017-10-03T19:09:01","date_gmt":"2017-10-03T19:09:01","guid":{"rendered":"http:\/\/librairiemoderne.com\/?p=4195"},"modified":"2017-10-17T15:54:25","modified_gmt":"2017-10-17T15:54:25","slug":"ma-bulle-editeur-a-lhonneur","status":"publish","type":"post","link":"https:\/\/librairiemoderne.com\/?p=4195","title":{"rendered":"Ma bulle \u00e9diteur \u00e0 l&rsquo;honneur!"},"content":{"rendered":"<p>La Librairie Moderne est ravie d&rsquo;accueillir Lucie Papineau pour son nouvel album Le nouveau b\u00e9b\u00e9. Auteure jeunesse qui publie depuis plus d&rsquo;une vingtaine d&rsquo;ann\u00e9es, ses albums ont marqu\u00e9 l&rsquo;imaginaire de plusieurs g\u00e9n\u00e9rations d&rsquo;enfants. C&rsquo;est donc toute une chance que de l&rsquo;accueillir \u00e0 la librairie!<\/p>\n<p>Mme Papineau sera accompagn\u00e9e de Diane Primeau, auteure et fondatrice de Ma bulle \u00e9diteur. Ayant travaill\u00e9 depuis toujours dans le milieu de l&rsquo;\u00e9dition jeunesse, Mme Primeau a lanc\u00e9 sa propre maison d&rsquo;\u00e9dition il y a quelques ann\u00e9es. Elle est l&rsquo;auteure des premiers titres parus chez Ma bulle.<\/p>\n<p>De plus, des fiches p\u00e9dagogiques sont disponibles pour l&rsquo;ensemble de la collection Dafn\u00e9 et les doudoux. Pour en savoir davantage sur les <a href=\"http:\/\/www.doudoux.club\/\">\u00e9ditions Ma bulle, c&rsquo;est ici.<\/a><\/p>\n<p>C&rsquo;est une belle occasion de venir rencontrer ces deux passionn\u00e9es de la litt\u00e9rature jeunesse!<\/p>\n<p>Bienvenue \u00e0 tous!<\/p>\n","protected":false},"excerpt":{"rendered":"<p>La Librairie Moderne est ravie d&rsquo;accueillir Lucie Papineau pour son nouvel album Le nouveau b\u00e9b\u00e9. Auteure jeunesse qui publie depuis plus d&rsquo;une vingtaine d&rsquo;ann\u00e9es, ses albums ont marqu\u00e9 l&rsquo;imaginaire de plusieurs g\u00e9n\u00e9rations d&rsquo;enfants. C&rsquo;est donc toute une chance que de l&rsquo;accueillir \u00e0 la librairie! Mme Papineau sera accompagn\u00e9e de Diane Primeau, auteure et fondatrice de Ma bulle \u00e9diteur. Ayant travaill\u00e9 [&#8230;]<\/p>\n","protected":false},"author":2,"featured_media":4196,"comment_status":"closed","ping_status":"closed","sticky":false,"template":"","format":"standard","meta":{"footnotes":""},"categories":[93],"tags":[],"class_list":["post-4195","post","type-post","status-publish","format-standard","has-post-thumbnail","hentry","category-evenements-a-venir"],"_links":{"self":[{"href":"https:\/\/librairiemoderne.com\/index.php?rest_route=\/wp\/v2\/posts\/4195","targetHints":{"allow":["GET"]}}],"collection":[{"href":"https:\/\/librairiemoderne.com\/index.php?rest_route=\/wp\/v2\/posts"}],"about":[{"href":"https:\/\/librairiemoderne.com\/index.php?rest_route=\/wp\/v2\/types\/post"}],"author":[{"embeddable":true,"href":"https:\/\/librairiemoderne.com\/index.php?rest_route=\/wp\/v2\/users\/2"}],"replies":[{"embeddable":true,"href":"https:\/\/librairiemoderne.com\/index.php?rest_route=%2Fwp%2Fv2%2Fcomments&post=4195"}],"version-history":[{"count":0,"href":"https:\/\/librairiemoderne.com\/index.php?rest_route=\/wp\/v2\/posts\/4195\/revisions"}],"wp:featuredmedia":[{"embeddable":true,"href":"https:\/\/librairiemoderne.com\/index.php?rest_route=\/wp\/v2\/media\/4196"}],"wp:attachment":[{"href":"https:\/\/librairiemoderne.com\/index.php?rest_route=%2Fwp%2Fv2%2Fmedia&parent=4195"}],"wp:term":[{"taxonomy":"category","embeddable":true,"href":"https:\/\/librairiemoderne.com\/index.php?rest_route=%2Fwp%2Fv2%2Fcategories&post=4195"},{"taxonomy":"post_tag","embeddable":true,"href":"https:\/\/librairiemoderne.com\/index.php?rest_route=%2Fwp%2Fv2%2Ftags&post=4195"}],"curies":[{"name":"wp","href":"https:\/\/api.w.org\/{rel}","templated":true}]}}