{"id":4404,"date":"2017-12-09T16:33:11","date_gmt":"2017-12-09T16:33:11","guid":{"rendered":"http:\/\/librairiemoderne.com\/?p=4404"},"modified":"2017-12-19T00:47:35","modified_gmt":"2017-12-19T00:47:35","slug":"siris-a-la-librairie","status":"publish","type":"post","link":"https:\/\/librairiemoderne.com\/?p=4404","title":{"rendered":"Siris \u00e0 la librairie!"},"content":{"rendered":"<p>La Librairie Moderne est particuli\u00e8rement ravie d&rsquo;accueillir pour la premi\u00e8re fois le b\u00e9d\u00e9iste johannais Siris. Il nous pr\u00e9sentera l&rsquo;int\u00e9grale de Et vogue la valise, tout juste parue chez La Past\u00e8que. Dans cette bande dessin\u00e9e sur laquelle il aura travaill\u00e9 plusieurs ann\u00e9es, il retrace son enfance difficile mais surtout, il d\u00e9montre un talent incroyable pour d\u00e9peindre avec sensibilit\u00e9 et lucidit\u00e9 une \u00e9poque r\u00e9volue et des personnages forts.<\/p>\n<p>Pour en savoir plus sur Siris, lisez l&rsquo;article publi\u00e9 dans La Presse il y a quelques jours: <a href=\"http:\/\/plus.lapresse.ca\/screens\/efcf8c4b-cd0a-4c87-974f-d4f6e42743ec__7C___0.html\">http:\/\/plus.lapresse.ca\/screens\/efcf8c4b-cd0a-4c87-974f-d4f6e42743ec__7C___0.html<\/a><\/p>\n<p>C&rsquo;est donc avec plaisir que nous le recevons samedi le 16 d\u00e9cembre, de 10 \u00e0 14 h. Bienvenue \u00e0 tous!<\/p>\n","protected":false},"excerpt":{"rendered":"<p>La Librairie Moderne est particuli\u00e8rement ravie d&rsquo;accueillir pour la premi\u00e8re fois le b\u00e9d\u00e9iste johannais Siris. Il nous pr\u00e9sentera l&rsquo;int\u00e9grale de Et vogue la valise, tout juste parue chez La Past\u00e8que. Dans cette bande dessin\u00e9e sur laquelle il aura travaill\u00e9 plusieurs ann\u00e9es, il retrace son enfance difficile mais surtout, il d\u00e9montre un talent incroyable pour d\u00e9peindre avec sensibilit\u00e9 et lucidit\u00e9 une [&#8230;]<\/p>\n","protected":false},"author":2,"featured_media":4413,"comment_status":"closed","ping_status":"closed","sticky":false,"template":"","format":"standard","meta":{"footnotes":""},"categories":[93],"tags":[],"class_list":["post-4404","post","type-post","status-publish","format-standard","has-post-thumbnail","hentry","category-evenements-a-venir"],"_links":{"self":[{"href":"https:\/\/librairiemoderne.com\/index.php?rest_route=\/wp\/v2\/posts\/4404","targetHints":{"allow":["GET"]}}],"collection":[{"href":"https:\/\/librairiemoderne.com\/index.php?rest_route=\/wp\/v2\/posts"}],"about":[{"href":"https:\/\/librairiemoderne.com\/index.php?rest_route=\/wp\/v2\/types\/post"}],"author":[{"embeddable":true,"href":"https:\/\/librairiemoderne.com\/index.php?rest_route=\/wp\/v2\/users\/2"}],"replies":[{"embeddable":true,"href":"https:\/\/librairiemoderne.com\/index.php?rest_route=%2Fwp%2Fv2%2Fcomments&post=4404"}],"version-history":[{"count":0,"href":"https:\/\/librairiemoderne.com\/index.php?rest_route=\/wp\/v2\/posts\/4404\/revisions"}],"wp:featuredmedia":[{"embeddable":true,"href":"https:\/\/librairiemoderne.com\/index.php?rest_route=\/wp\/v2\/media\/4413"}],"wp:attachment":[{"href":"https:\/\/librairiemoderne.com\/index.php?rest_route=%2Fwp%2Fv2%2Fmedia&parent=4404"}],"wp:term":[{"taxonomy":"category","embeddable":true,"href":"https:\/\/librairiemoderne.com\/index.php?rest_route=%2Fwp%2Fv2%2Fcategories&post=4404"},{"taxonomy":"post_tag","embeddable":true,"href":"https:\/\/librairiemoderne.com\/index.php?rest_route=%2Fwp%2Fv2%2Ftags&post=4404"}],"curies":[{"name":"wp","href":"https:\/\/api.w.org\/{rel}","templated":true}]}}