{"id":4546,"date":"2018-03-19T03:28:42","date_gmt":"2018-03-19T03:28:42","guid":{"rendered":"http:\/\/librairiemoderne.com\/?p=4546"},"modified":"2018-03-27T00:10:51","modified_gmt":"2018-03-27T00:10:51","slug":"parlons-bouffe-dimanche","status":"publish","type":"post","link":"https:\/\/librairiemoderne.com\/?p=4546","title":{"rendered":"Parlons bouffe dimanche!"},"content":{"rendered":"<p>Dimanche le 25 mars, de 11 \u00e0 13 h, nous recevons la nutritionniste Marjolaine Mercier. Fondatrice des Cliniques M, elle nous pr\u00e9sentera le livre qu&rsquo;elle a \u00e9crit avec H\u00e9l\u00e8ne Baribeau, elle aussi nutritionniste. L&rsquo;ouvrage <a href=\"https:\/\/moderne.leslibraires.ca\/livres\/menager-la-chevre-et-manger-le-helene-baribeau-9782897034016.html\">M\u00e9nager la ch\u00e8vre et le chou<\/a>, fra\u00eechement paru, met \u00e0 l&rsquo;honneur l&rsquo;alimentation v\u00e9g\u00e9tale. Vous voulez en savoir davantage sur Marjolaine Mercier et sur son livre? Venez la rencontrer dimanche! Vous pouvez aussi <a href=\"http:\/\/marjolainemercier.com\/\">cliquer ici<\/a> pour en savoir plus.<\/p>\n<p>Bienvenue \u00e0 tous!<\/p>\n","protected":false},"excerpt":{"rendered":"<p>Dimanche le 25 mars, de 11 \u00e0 13 h, nous recevons la nutritionniste Marjolaine Mercier. Fondatrice des Cliniques M, elle nous pr\u00e9sentera le livre qu&rsquo;elle a \u00e9crit avec H\u00e9l\u00e8ne Baribeau, elle aussi nutritionniste. L&rsquo;ouvrage M\u00e9nager la ch\u00e8vre et le chou, fra\u00eechement paru, met \u00e0 l&rsquo;honneur l&rsquo;alimentation v\u00e9g\u00e9tale. Vous voulez en savoir davantage sur Marjolaine Mercier et sur son livre? Venez [&#8230;]<\/p>\n","protected":false},"author":2,"featured_media":4547,"comment_status":"closed","ping_status":"closed","sticky":false,"template":"","format":"standard","meta":{"footnotes":""},"categories":[93],"tags":[],"class_list":["post-4546","post","type-post","status-publish","format-standard","has-post-thumbnail","hentry","category-evenements-a-venir"],"_links":{"self":[{"href":"https:\/\/librairiemoderne.com\/index.php?rest_route=\/wp\/v2\/posts\/4546","targetHints":{"allow":["GET"]}}],"collection":[{"href":"https:\/\/librairiemoderne.com\/index.php?rest_route=\/wp\/v2\/posts"}],"about":[{"href":"https:\/\/librairiemoderne.com\/index.php?rest_route=\/wp\/v2\/types\/post"}],"author":[{"embeddable":true,"href":"https:\/\/librairiemoderne.com\/index.php?rest_route=\/wp\/v2\/users\/2"}],"replies":[{"embeddable":true,"href":"https:\/\/librairiemoderne.com\/index.php?rest_route=%2Fwp%2Fv2%2Fcomments&post=4546"}],"version-history":[{"count":0,"href":"https:\/\/librairiemoderne.com\/index.php?rest_route=\/wp\/v2\/posts\/4546\/revisions"}],"wp:featuredmedia":[{"embeddable":true,"href":"https:\/\/librairiemoderne.com\/index.php?rest_route=\/wp\/v2\/media\/4547"}],"wp:attachment":[{"href":"https:\/\/librairiemoderne.com\/index.php?rest_route=%2Fwp%2Fv2%2Fmedia&parent=4546"}],"wp:term":[{"taxonomy":"category","embeddable":true,"href":"https:\/\/librairiemoderne.com\/index.php?rest_route=%2Fwp%2Fv2%2Fcategories&post=4546"},{"taxonomy":"post_tag","embeddable":true,"href":"https:\/\/librairiemoderne.com\/index.php?rest_route=%2Fwp%2Fv2%2Ftags&post=4546"}],"curies":[{"name":"wp","href":"https:\/\/api.w.org\/{rel}","templated":true}]}}