{"id":4622,"date":"2018-04-11T16:19:02","date_gmt":"2018-04-11T16:19:02","guid":{"rendered":"http:\/\/librairiemoderne.com\/?p=4622"},"modified":"2018-04-22T00:45:40","modified_gmt":"2018-04-22T00:45:40","slug":"une-auteure-dici-a-la-librairie","status":"publish","type":"post","link":"https:\/\/librairiemoderne.com\/?p=4622","title":{"rendered":"Une auteure d&rsquo;ici \u00e0 la librairie!"},"content":{"rendered":"<p>C&rsquo;est un plaisir que de rencontrer des auteur(e)s qui ont grandi dans notre patelin et qui s&rsquo;illustrent dans le milieu de la litt\u00e9rature. Ainsi, nous avons la chance de recevoir <a href=\"https:\/\/moderne.leslibraires.ca\/recherche\/?s=ariane+bessette\">Ariane Bessette<\/a> dont le premier roman, <a href=\"https:\/\/moderne.leslibraires.ca\/livres\/la-crue-ariane-bessette-9782764435694.html\">La Crue<\/a>, fra\u00eechement paru chez Qu\u00e9bec Am\u00e9rique, a \u00e9t\u00e9 re\u00e7u favorablement par la critique. Vous d\u00e9sirez lire ces critiques? <a href=\"http:\/\/www.journaldemontreal.com\/2018\/03\/17\/est-ce-la-son-enfant\">C&rsquo;est ici<\/a> et <a href=\"https:\/\/www.ledevoir.com\/lire\/523448\/critique-jamais-sans-ma-fille\">c&rsquo;est l\u00e0<\/a>. L&rsquo;auteure a publi\u00e9 auparavant deux recueils de po\u00e9sie aux \u00e9ditions David, <a href=\"https:\/\/moderne.leslibraires.ca\/livres\/avant-l-oubli-ariane-bessette-9782895971993.html\">Avant l&rsquo;oubli<\/a> et <a href=\"https:\/\/moderne.leslibraires.ca\/livres\/lieux-provisoires-ariane-bessette-9782895974338.html\">Lieux provisoires<\/a>.<\/p>\n<p>C&rsquo;est donc un rendez-vous samedi le 21 avril, de 10 \u00e0 midi! Bienvenue \u00e0 tous!<\/p>\n","protected":false},"excerpt":{"rendered":"<p>C&rsquo;est un plaisir que de rencontrer des auteur(e)s qui ont grandi dans notre patelin et qui s&rsquo;illustrent dans le milieu de la litt\u00e9rature. Ainsi, nous avons la chance de recevoir Ariane Bessette dont le premier roman, La Crue, fra\u00eechement paru chez Qu\u00e9bec Am\u00e9rique, a \u00e9t\u00e9 re\u00e7u favorablement par la critique. Vous d\u00e9sirez lire ces critiques? C&rsquo;est ici et c&rsquo;est l\u00e0. [&#8230;]<\/p>\n","protected":false},"author":2,"featured_media":4623,"comment_status":"closed","ping_status":"closed","sticky":false,"template":"","format":"standard","meta":{"footnotes":""},"categories":[93],"tags":[],"class_list":["post-4622","post","type-post","status-publish","format-standard","has-post-thumbnail","hentry","category-evenements-a-venir"],"_links":{"self":[{"href":"https:\/\/librairiemoderne.com\/index.php?rest_route=\/wp\/v2\/posts\/4622","targetHints":{"allow":["GET"]}}],"collection":[{"href":"https:\/\/librairiemoderne.com\/index.php?rest_route=\/wp\/v2\/posts"}],"about":[{"href":"https:\/\/librairiemoderne.com\/index.php?rest_route=\/wp\/v2\/types\/post"}],"author":[{"embeddable":true,"href":"https:\/\/librairiemoderne.com\/index.php?rest_route=\/wp\/v2\/users\/2"}],"replies":[{"embeddable":true,"href":"https:\/\/librairiemoderne.com\/index.php?rest_route=%2Fwp%2Fv2%2Fcomments&post=4622"}],"version-history":[{"count":0,"href":"https:\/\/librairiemoderne.com\/index.php?rest_route=\/wp\/v2\/posts\/4622\/revisions"}],"wp:featuredmedia":[{"embeddable":true,"href":"https:\/\/librairiemoderne.com\/index.php?rest_route=\/wp\/v2\/media\/4623"}],"wp:attachment":[{"href":"https:\/\/librairiemoderne.com\/index.php?rest_route=%2Fwp%2Fv2%2Fmedia&parent=4622"}],"wp:term":[{"taxonomy":"category","embeddable":true,"href":"https:\/\/librairiemoderne.com\/index.php?rest_route=%2Fwp%2Fv2%2Fcategories&post=4622"},{"taxonomy":"post_tag","embeddable":true,"href":"https:\/\/librairiemoderne.com\/index.php?rest_route=%2Fwp%2Fv2%2Ftags&post=4622"}],"curies":[{"name":"wp","href":"https:\/\/api.w.org\/{rel}","templated":true}]}}