{"id":4653,"date":"2018-05-02T16:09:58","date_gmt":"2018-05-02T16:09:58","guid":{"rendered":"http:\/\/librairiemoderne.com\/?p=4653"},"modified":"2018-05-09T18:41:05","modified_gmt":"2018-05-09T18:41:05","slug":"genevieve-despres-en-librairie","status":"publish","type":"post","link":"https:\/\/librairiemoderne.com\/?p=4653","title":{"rendered":"Genevi\u00e8ve Despr\u00e9s en librairie!"},"content":{"rendered":"<p>Dans le cadre de la <a href=\"http:\/\/www.communication-jeunesse.qc.ca\/actualites\/breves\/fiches.php?id=50-56-23673\">Semaine du livre TD Communication-Jeunesse<\/a>, nous recevons <a href=\"https:\/\/moderne.leslibraires.ca\/recherche\/?s=Genevi\u00e8ve+despres\">l&rsquo;illustratrice Genevi\u00e8ve Despr\u00e9s<\/a> pour un court atelier de dessin qui int\u00e9ressera les enfants de 6 \u00e0 10 ans. Dans un premier temps, Mme Despr\u00e9s expliquera son travail \u00e0 l&rsquo;aide de planches de dessins et poursuivra avec un atelier de dessins, prodiguant trucs et conseils \u00e0 vos petits cr\u00e9ateurs.<\/p>\n<p>Une chouette occasion de rencontrer une illustratrice au talent reconnu!<\/p>\n<p>Afin de nous aider \u00e0 mieux pr\u00e9parer l\u2019activit\u00e9, <a href=\"https:\/\/docs.google.com\/forms\/d\/e\/1FAIpQLSd1xEbLtRDoFEz680O6cw8c_1ckVw7KlODj0vXYzMtnoiHj9g\/viewform?usp=sf_link\">veuillez vous inscrire ici.<\/a><\/p>\n<p>&nbsp;<\/p>\n","protected":false},"excerpt":{"rendered":"<p>Dans le cadre de la Semaine du livre TD Communication-Jeunesse, nous recevons l&rsquo;illustratrice Genevi\u00e8ve Despr\u00e9s pour un court atelier de dessin qui int\u00e9ressera les enfants de 6 \u00e0 10 ans. Dans un premier temps, Mme Despr\u00e9s expliquera son travail \u00e0 l&rsquo;aide de planches de dessins et poursuivra avec un atelier de dessins, prodiguant trucs et conseils \u00e0 vos petits cr\u00e9ateurs. [&#8230;]<\/p>\n","protected":false},"author":2,"featured_media":4664,"comment_status":"closed","ping_status":"closed","sticky":false,"template":"","format":"standard","meta":{"footnotes":""},"categories":[93],"tags":[],"class_list":["post-4653","post","type-post","status-publish","format-standard","has-post-thumbnail","hentry","category-evenements-a-venir"],"_links":{"self":[{"href":"https:\/\/librairiemoderne.com\/index.php?rest_route=\/wp\/v2\/posts\/4653","targetHints":{"allow":["GET"]}}],"collection":[{"href":"https:\/\/librairiemoderne.com\/index.php?rest_route=\/wp\/v2\/posts"}],"about":[{"href":"https:\/\/librairiemoderne.com\/index.php?rest_route=\/wp\/v2\/types\/post"}],"author":[{"embeddable":true,"href":"https:\/\/librairiemoderne.com\/index.php?rest_route=\/wp\/v2\/users\/2"}],"replies":[{"embeddable":true,"href":"https:\/\/librairiemoderne.com\/index.php?rest_route=%2Fwp%2Fv2%2Fcomments&post=4653"}],"version-history":[{"count":0,"href":"https:\/\/librairiemoderne.com\/index.php?rest_route=\/wp\/v2\/posts\/4653\/revisions"}],"wp:featuredmedia":[{"embeddable":true,"href":"https:\/\/librairiemoderne.com\/index.php?rest_route=\/wp\/v2\/media\/4664"}],"wp:attachment":[{"href":"https:\/\/librairiemoderne.com\/index.php?rest_route=%2Fwp%2Fv2%2Fmedia&parent=4653"}],"wp:term":[{"taxonomy":"category","embeddable":true,"href":"https:\/\/librairiemoderne.com\/index.php?rest_route=%2Fwp%2Fv2%2Fcategories&post=4653"},{"taxonomy":"post_tag","embeddable":true,"href":"https:\/\/librairiemoderne.com\/index.php?rest_route=%2Fwp%2Fv2%2Ftags&post=4653"}],"curies":[{"name":"wp","href":"https:\/\/api.w.org\/{rel}","templated":true}]}}