{"id":4694,"date":"2018-06-01T06:41:19","date_gmt":"2018-06-01T06:41:19","guid":{"rendered":"http:\/\/librairiemoderne.com\/?p=4694"},"modified":"2018-06-03T19:08:25","modified_gmt":"2018-06-03T19:08:25","slug":"un-2-juin-sous-le-signe-de-la-fete","status":"publish","type":"post","link":"https:\/\/librairiemoderne.com\/?p=4694","title":{"rendered":"Un 2 juin sous le signe de la f\u00eate!"},"content":{"rendered":"<p>Samedi le 2 juin<br \/>\n<a href=\"http:\/\/revue.leslibraires.ca\/actualites\/le-monde-du-livre\/samedi-2-juin-journee-des-librairies-independantes\">Journ\u00e9e des librairies ind\u00e9pendantes du Qu\u00e9bec<\/a><\/p>\n<p>\u00c0 l&rsquo;occasion de la troisi\u00e8me Journ\u00e9e des librairies ind\u00e9pendantes, toute l&rsquo;\u00e9quipe de la Librairie Moderne est heureuse de vous convier \u00e0 c\u00e9l\u00e9brer le m\u00e9tier de libraire et la librairie comme lieu culturel. Riche de sa vitalit\u00e9, \u00e0 l&rsquo;\u00e9coute de sa client\u00e8le et fi\u00e8rement ind\u00e9pendante, la librairie s&rsquo;\u00e9mancipe et se veut un haut lieu litt\u00e9raire o\u00f9 sont possibles les \u00e9changes, le partage et la d\u00e9couverte.<\/p>\n<p>Nous vous invitons donc \u00e0 rencontrer l&rsquo;auteure et illustratrice <a href=\"https:\/\/moderne.leslibraires.ca\/recherche\/?s=annie+groovie\">Annie Groovie<\/a>, cr\u00e9atrice du c\u00e9l\u00e8bre L\u00e9on. De 11 \u00e0 14 h, son dynamisme et son sourire charmeront petits et grands&#8230; et vous pourrez faire d\u00e9dicacer ses livres!<\/p>\n<p>Des tirages sur place et des petites g\u00e2teries \u00e0 boire et \u00e0 manger sont pr\u00e9vus pour agr\u00e9menter le moment.<\/p>\n<p>Bienvenue \u00e0 tous!<\/p>\n<p>&nbsp;<\/p>\n","protected":false},"excerpt":{"rendered":"<p>Samedi le 2 juin Journ\u00e9e des librairies ind\u00e9pendantes du Qu\u00e9bec \u00c0 l&rsquo;occasion de la troisi\u00e8me Journ\u00e9e des librairies ind\u00e9pendantes, toute l&rsquo;\u00e9quipe de la Librairie Moderne est heureuse de vous convier \u00e0 c\u00e9l\u00e9brer le m\u00e9tier de libraire et la librairie comme lieu culturel. Riche de sa vitalit\u00e9, \u00e0 l&rsquo;\u00e9coute de sa client\u00e8le et fi\u00e8rement ind\u00e9pendante, la librairie s&rsquo;\u00e9mancipe et se veut [&#8230;]<\/p>\n","protected":false},"author":2,"featured_media":4695,"comment_status":"closed","ping_status":"closed","sticky":false,"template":"","format":"standard","meta":{"footnotes":""},"categories":[93],"tags":[],"class_list":["post-4694","post","type-post","status-publish","format-standard","has-post-thumbnail","hentry","category-evenements-a-venir"],"_links":{"self":[{"href":"https:\/\/librairiemoderne.com\/index.php?rest_route=\/wp\/v2\/posts\/4694","targetHints":{"allow":["GET"]}}],"collection":[{"href":"https:\/\/librairiemoderne.com\/index.php?rest_route=\/wp\/v2\/posts"}],"about":[{"href":"https:\/\/librairiemoderne.com\/index.php?rest_route=\/wp\/v2\/types\/post"}],"author":[{"embeddable":true,"href":"https:\/\/librairiemoderne.com\/index.php?rest_route=\/wp\/v2\/users\/2"}],"replies":[{"embeddable":true,"href":"https:\/\/librairiemoderne.com\/index.php?rest_route=%2Fwp%2Fv2%2Fcomments&post=4694"}],"version-history":[{"count":0,"href":"https:\/\/librairiemoderne.com\/index.php?rest_route=\/wp\/v2\/posts\/4694\/revisions"}],"wp:featuredmedia":[{"embeddable":true,"href":"https:\/\/librairiemoderne.com\/index.php?rest_route=\/wp\/v2\/media\/4695"}],"wp:attachment":[{"href":"https:\/\/librairiemoderne.com\/index.php?rest_route=%2Fwp%2Fv2%2Fmedia&parent=4694"}],"wp:term":[{"taxonomy":"category","embeddable":true,"href":"https:\/\/librairiemoderne.com\/index.php?rest_route=%2Fwp%2Fv2%2Fcategories&post=4694"},{"taxonomy":"post_tag","embeddable":true,"href":"https:\/\/librairiemoderne.com\/index.php?rest_route=%2Fwp%2Fv2%2Ftags&post=4694"}],"curies":[{"name":"wp","href":"https:\/\/api.w.org\/{rel}","templated":true}]}}