{"id":4759,"date":"2019-08-05T18:37:48","date_gmt":"2019-08-05T18:37:48","guid":{"rendered":"http:\/\/librairiemoderne.com\/?p=4759"},"modified":"2019-08-29T19:42:22","modified_gmt":"2019-08-29T19:42:22","slug":"honorons-notre-litterature","status":"publish","type":"post","link":"https:\/\/librairiemoderne.com\/?p=4759","title":{"rendered":"Honorons notre litt\u00e9rature!"},"content":{"rendered":"<p><strong>Le 12 ao\u00fbt, j&rsquo;ach\u00e8te un livre qu\u00e9b\u00e9cois!<\/strong><\/p>\n<p>Pour une cinqui\u00e8me ann\u00e9e, le mouvement lanc\u00e9 par les auteurs Patrice Cazeault et Am\u00e9lie Dub\u00e9 prend son essor d\u00e8s les derniers jours de juillet. Le milieu du livre, bien qu&rsquo;un peu engourdi par le rythme des vacances, se secoue, se tr\u00e9mousse et se d\u00e9ploie pour souligner une journ\u00e9e fabuleuse, riche de d\u00e9couvertes, de fiert\u00e9 pour notre litt\u00e9rature et de lecteurs heureux de participer, tel un acte de foi.<\/p>\n<p>Vous serez \u00e0 l&rsquo;ext\u00e9rieur et vous voudriez conna\u00eetre la librairie ind\u00e9pendante la plus pr\u00e8s? <a href=\"https:\/\/www.leslibraires.ca\/nos-librairies\/?view=plan\">Consultez ici<\/a> le r\u00e9pertoire des librairies ind\u00e9pendantes du Qu\u00e9bec. Et bien s\u00fbr, toute l&rsquo;\u00e9quipe de libraires de la Librairie Moderne sera disponible pour vous accueillir, en tout temps bien s\u00fbr, mais particuli\u00e8rement le 12 ao\u00fbt pour vous proposer toute une pl\u00e9thore de livres qu\u00e9b\u00e9cois.<\/p>\n<p>\u00c0 chaque jour, du 1er au 12 ao\u00fbt, soyez \u00e0 l&rsquo;aff\u00fbt d&rsquo;une s\u00e9lection th\u00e9matique de 12 livres qu\u00e9b\u00e9cois, concoct\u00e9e par une poign\u00e9e de libraires de partout au Qu\u00e9bec, <a href=\"https:\/\/moderne.leslibraires.ca\/\">qui sera diffus\u00e9e entre autres ici.<\/a> Votre libraire ici pr\u00e9sente vous en a m\u00eame pr\u00e9par\u00e9 deux!<\/p>\n<p>Aussi, nous aurons le plaisir de recevoir l&rsquo;auteur <a href=\"https:\/\/moderne.leslibraires.ca\/ecrit-par\/?ia=18085977\">Jean-Guy Martin<\/a> pour une s\u00e9ance de d\u00e9dicaces. Pour en savoir plus sur sur l&rsquo;activit\u00e9, <a href=\"https:\/\/librairiemoderne.com\/?p=5298\">c&rsquo;est ici.<\/a><\/p>\n<p>Et vive le 12 ao\u00fbt!<\/p>\n","protected":false},"excerpt":{"rendered":"<p>Le 12 ao\u00fbt, j&rsquo;ach\u00e8te un livre qu\u00e9b\u00e9cois! Pour une cinqui\u00e8me ann\u00e9e, le mouvement lanc\u00e9 par les auteurs Patrice Cazeault et Am\u00e9lie Dub\u00e9 prend son essor d\u00e8s les derniers jours de juillet. Le milieu du livre, bien qu&rsquo;un peu engourdi par le rythme des vacances, se secoue, se tr\u00e9mousse et se d\u00e9ploie pour souligner une journ\u00e9e fabuleuse, riche de d\u00e9couvertes, de [&#8230;]<\/p>\n","protected":false},"author":2,"featured_media":4760,"comment_status":"closed","ping_status":"closed","sticky":false,"template":"","format":"standard","meta":{"footnotes":""},"categories":[93],"tags":[406],"class_list":["post-4759","post","type-post","status-publish","format-standard","has-post-thumbnail","hentry","category-evenements-a-venir","tag-12-aout"],"_links":{"self":[{"href":"https:\/\/librairiemoderne.com\/index.php?rest_route=\/wp\/v2\/posts\/4759","targetHints":{"allow":["GET"]}}],"collection":[{"href":"https:\/\/librairiemoderne.com\/index.php?rest_route=\/wp\/v2\/posts"}],"about":[{"href":"https:\/\/librairiemoderne.com\/index.php?rest_route=\/wp\/v2\/types\/post"}],"author":[{"embeddable":true,"href":"https:\/\/librairiemoderne.com\/index.php?rest_route=\/wp\/v2\/users\/2"}],"replies":[{"embeddable":true,"href":"https:\/\/librairiemoderne.com\/index.php?rest_route=%2Fwp%2Fv2%2Fcomments&post=4759"}],"version-history":[{"count":0,"href":"https:\/\/librairiemoderne.com\/index.php?rest_route=\/wp\/v2\/posts\/4759\/revisions"}],"wp:featuredmedia":[{"embeddable":true,"href":"https:\/\/librairiemoderne.com\/index.php?rest_route=\/wp\/v2\/media\/4760"}],"wp:attachment":[{"href":"https:\/\/librairiemoderne.com\/index.php?rest_route=%2Fwp%2Fv2%2Fmedia&parent=4759"}],"wp:term":[{"taxonomy":"category","embeddable":true,"href":"https:\/\/librairiemoderne.com\/index.php?rest_route=%2Fwp%2Fv2%2Fcategories&post=4759"},{"taxonomy":"post_tag","embeddable":true,"href":"https:\/\/librairiemoderne.com\/index.php?rest_route=%2Fwp%2Fv2%2Ftags&post=4759"}],"curies":[{"name":"wp","href":"https:\/\/api.w.org\/{rel}","templated":true}]}}