{"id":5173,"date":"2019-05-14T18:57:45","date_gmt":"2019-05-14T18:57:45","guid":{"rendered":"http:\/\/librairiemoderne.com\/?p=5173"},"modified":"2019-06-04T16:52:42","modified_gmt":"2019-06-04T16:52:42","slug":"deux-auteurs-de-saint-jean-en-visite","status":"publish","type":"post","link":"https:\/\/librairiemoderne.com\/?p=5173","title":{"rendered":"Deux auteurs de Saint-Jean en visite!"},"content":{"rendered":"\n<p>Nous avons le plaisir de recevoir Anne Cl\u00e9roux et Jean-Guy Martin, deux auteurs de Saint-Jean-sur-Richelieu. <br><br><a href=\"https:\/\/moderne.leslibraires.ca\/livres\/le-dernier-visage-de-la-haine-anne-cleroux-9782895497813.html\">Anne Cl\u00e9roux<\/a> est une toute jeune fille qui a publi\u00e9, chez <a href=\"https:\/\/moderne.leslibraires.ca\/editeur\/intouchables-les\/\">Les Intouchables<\/a>, <a href=\"http:\/\/www.prologue.ca\/729333-9-livre-Sciences_humaines_et_sociales\/Le_dernier_visage_de_la_haine.html\">Le dernier visage de la haine<\/a>, un essai sur notre rapport \u00e0 l&rsquo;autre. Elle sera avec nous samedi le 1er juin, de 10 \u00e0 midi.<\/p>\n\n\n\n<p><a href=\"https:\/\/moderne.leslibraires.ca\/ecrit-par\/?ia=18085977\">Jean-Guy Martin<\/a> a \u00e9crit deux romans, publi\u00e9s tous deux aux \u00e9ditions <a href=\"https:\/\/moderne.leslibraires.ca\/editeur\/de-l-apotheose\/\">de l&rsquo;Apoth\u00e9ose<\/a>. <a href=\"https:\/\/moderne.leslibraires.ca\/livres\/par-dela-la-mort-jean-guy-martin-9782897751234.html\">Par-del\u00e0 la mort <\/a>est un roman qui allie spiritisme et horreur tandis que <a href=\"https:\/\/moderne.leslibraires.ca\/livres\/chuchotements-nocturnes-jean-guy-martin-9782897752019.html\">Chuchotements nocturnes<\/a>, inspir\u00e9 d&rsquo;un fait v\u00e9cu, nous convie dans une maison hant\u00e9e. l&rsquo;auteur sera pr\u00e9sent d\u00e8s 10 h, dimanche le 2 juin, d\u00e8s 10 h.<\/p>\n\n\n\n<p>Bienvenue \u00e0 tous!<\/p>\n\n\n\n<p><\/p>\n","protected":false},"excerpt":{"rendered":"<p>Nous avons le plaisir de recevoir Anne Cl\u00e9roux et Jean-Guy Martin, deux auteurs de Saint-Jean-sur-Richelieu. Anne Cl\u00e9roux est une toute jeune fille qui a publi\u00e9, chez Les Intouchables, Le dernier visage de la haine, un essai sur notre rapport \u00e0 l&rsquo;autre. Elle sera avec nous samedi le 1er juin, de 10 \u00e0 midi. Jean-Guy Martin a \u00e9crit deux romans, publi\u00e9s [&#8230;]<\/p>\n","protected":false},"author":2,"featured_media":5175,"comment_status":"closed","ping_status":"closed","sticky":false,"template":"","format":"standard","meta":{"footnotes":""},"categories":[93],"tags":[],"class_list":["post-5173","post","type-post","status-publish","format-standard","has-post-thumbnail","hentry","category-evenements-a-venir"],"_links":{"self":[{"href":"https:\/\/librairiemoderne.com\/index.php?rest_route=\/wp\/v2\/posts\/5173","targetHints":{"allow":["GET"]}}],"collection":[{"href":"https:\/\/librairiemoderne.com\/index.php?rest_route=\/wp\/v2\/posts"}],"about":[{"href":"https:\/\/librairiemoderne.com\/index.php?rest_route=\/wp\/v2\/types\/post"}],"author":[{"embeddable":true,"href":"https:\/\/librairiemoderne.com\/index.php?rest_route=\/wp\/v2\/users\/2"}],"replies":[{"embeddable":true,"href":"https:\/\/librairiemoderne.com\/index.php?rest_route=%2Fwp%2Fv2%2Fcomments&post=5173"}],"version-history":[{"count":0,"href":"https:\/\/librairiemoderne.com\/index.php?rest_route=\/wp\/v2\/posts\/5173\/revisions"}],"wp:featuredmedia":[{"embeddable":true,"href":"https:\/\/librairiemoderne.com\/index.php?rest_route=\/wp\/v2\/media\/5175"}],"wp:attachment":[{"href":"https:\/\/librairiemoderne.com\/index.php?rest_route=%2Fwp%2Fv2%2Fmedia&parent=5173"}],"wp:term":[{"taxonomy":"category","embeddable":true,"href":"https:\/\/librairiemoderne.com\/index.php?rest_route=%2Fwp%2Fv2%2Fcategories&post=5173"},{"taxonomy":"post_tag","embeddable":true,"href":"https:\/\/librairiemoderne.com\/index.php?rest_route=%2Fwp%2Fv2%2Ftags&post=5173"}],"curies":[{"name":"wp","href":"https:\/\/api.w.org\/{rel}","templated":true}]}}