{"id":5329,"date":"2019-09-07T14:36:43","date_gmt":"2019-09-07T14:36:43","guid":{"rendered":"http:\/\/librairiemoderne.com\/?p=5329"},"modified":"2019-09-24T21:18:14","modified_gmt":"2019-09-24T21:18:14","slug":"lancement-avec-valerie-fontaine","status":"publish","type":"post","link":"https:\/\/librairiemoderne.com\/?p=5329","title":{"rendered":"Lancement avec Val\u00e9rie Fontaine!"},"content":{"rendered":"\n<p>Quel plaisir que de faire le lancement de la nouvelle collection <a href=\"https:\/\/moderne.leslibraires.ca\/recherche\/?s=histoires+de+lire+fonfon\">Histoires de lire<\/a> de la s\u00e9rie Val\u00e9rie et moi! Les \u00e9ditions <a href=\"https:\/\/moderne.leslibraires.ca\/recherche\/?s=fonfon\">Fonfon<\/a> ont eu le flair d&rsquo;offrir des livres pour les premiers lecteurs non seulement dr\u00f4les mais aussi pertinents. En effet, chaque s\u00e9rie de 4 pr\u00e9sente un auteur ou une autrice qui met en lumi\u00e8re un trait de caract\u00e8re, une passion ou m\u00eame un travers dans son enfance&#8230; et qui persiste \u00e0 l&rsquo;\u00e2ge adulte. Une chouette fa\u00e7on de faire des cr\u00e9ateurs des mod\u00e8les pour nos enfants!<\/p>\n\n\n\n<p>Venez donc c\u00e9l\u00e9brer avec nous la parution de la s\u00e9rie Val\u00e9rie et moi, en compagnie des cr\u00e9atrices <a href=\"https:\/\/moderne.leslibraires.ca\/recherche\/?s=val%C3%A9rie+fontaine\">Val\u00e9rie Fontaine<\/a> et <a href=\"https:\/\/moderne.leslibraires.ca\/ecrit-par\/?ia=3152280\">Aur\u00e9lie Grand<\/a>! Au menu : des collations, une animation, un tirage et une s\u00e9ance de d\u00e9dicaces sous le toit de la chaleureuse Librairie Moderne. Bienvenue \u00e0 tous! <\/p>\n\n\n\n<p>C&rsquo;est un rendez-vous \u00e0 ne pas manquer, dimanche le 22 septembre, de 10 h 30 \u00e0 midi!<\/p>\n","protected":false},"excerpt":{"rendered":"<p>Quel plaisir que de faire le lancement de la nouvelle collection Histoires de lire de la s\u00e9rie Val\u00e9rie et moi! Les \u00e9ditions Fonfon ont eu le flair d&rsquo;offrir des livres pour les premiers lecteurs non seulement dr\u00f4les mais aussi pertinents. En effet, chaque s\u00e9rie de 4 pr\u00e9sente un auteur ou une autrice qui met en lumi\u00e8re un trait de caract\u00e8re, [&#8230;]<\/p>\n","protected":false},"author":2,"featured_media":5330,"comment_status":"closed","ping_status":"closed","sticky":false,"template":"","format":"standard","meta":{"footnotes":""},"categories":[93],"tags":[102],"class_list":["post-5329","post","type-post","status-publish","format-standard","has-post-thumbnail","hentry","category-evenements-a-venir","tag-valerie-fontaine"],"_links":{"self":[{"href":"https:\/\/librairiemoderne.com\/index.php?rest_route=\/wp\/v2\/posts\/5329","targetHints":{"allow":["GET"]}}],"collection":[{"href":"https:\/\/librairiemoderne.com\/index.php?rest_route=\/wp\/v2\/posts"}],"about":[{"href":"https:\/\/librairiemoderne.com\/index.php?rest_route=\/wp\/v2\/types\/post"}],"author":[{"embeddable":true,"href":"https:\/\/librairiemoderne.com\/index.php?rest_route=\/wp\/v2\/users\/2"}],"replies":[{"embeddable":true,"href":"https:\/\/librairiemoderne.com\/index.php?rest_route=%2Fwp%2Fv2%2Fcomments&post=5329"}],"version-history":[{"count":0,"href":"https:\/\/librairiemoderne.com\/index.php?rest_route=\/wp\/v2\/posts\/5329\/revisions"}],"wp:featuredmedia":[{"embeddable":true,"href":"https:\/\/librairiemoderne.com\/index.php?rest_route=\/wp\/v2\/media\/5330"}],"wp:attachment":[{"href":"https:\/\/librairiemoderne.com\/index.php?rest_route=%2Fwp%2Fv2%2Fmedia&parent=5329"}],"wp:term":[{"taxonomy":"category","embeddable":true,"href":"https:\/\/librairiemoderne.com\/index.php?rest_route=%2Fwp%2Fv2%2Fcategories&post=5329"},{"taxonomy":"post_tag","embeddable":true,"href":"https:\/\/librairiemoderne.com\/index.php?rest_route=%2Fwp%2Fv2%2Ftags&post=5329"}],"curies":[{"name":"wp","href":"https:\/\/api.w.org\/{rel}","templated":true}]}}