{"id":5689,"date":"2020-08-07T14:35:33","date_gmt":"2020-08-07T14:35:33","guid":{"rendered":"http:\/\/librairiemoderne.com\/?p=5689"},"modified":"2020-09-02T15:27:04","modified_gmt":"2020-09-02T15:27:04","slug":"un-12aout-bien-special","status":"publish","type":"post","link":"https:\/\/librairiemoderne.com\/?p=5689","title":{"rendered":"Un #12ao\u00fbt bien sp\u00e9cial!"},"content":{"rendered":"\n<p>La journ\u00e9e Le 12 ao\u00fbt, j&rsquo;ach\u00e8te un livre qu\u00e9b\u00e9cois s&rsquo;assortit cette ann\u00e9e d&rsquo;une teinte bien sp\u00e9ciale&#8230; couleur Covid! Bien s\u00fbr, pand\u00e9mie oblige, pas d&rsquo;invit\u00e9.e.s pour vous serrer la pince mais une poign\u00e9e de libraires enthousiastes pour vous accueillir et vous proposer le meilleur de la litt\u00e9rature qu\u00e9b\u00e9coise!<\/p>\n\n\n\n<p>Instigu\u00e9e il y a 7 ans d\u00e9j\u00e0 par deux auteurs qu\u00e9b\u00e9cois, Patrice Cazeault et Am\u00e9lie Dub\u00e9, la journ\u00e9e Le 12 ao\u00fbt, j&rsquo;ach\u00e8te un livre qu\u00e9b\u00e9cois invite les lecteurs et les lectrices \u00e0 passer en librairie ind\u00e9pendante pour se procurer un livre qu\u00e9b\u00e9cois. En soutenant la litt\u00e9rature qu\u00e9b\u00e9coise, c&rsquo;est toute la cha\u00eene du livre qui s&rsquo;en retrouve enrichie&#8230; et les lecteurs et les lectrices aussi, \u00e9videmment! Cette journ\u00e9e exceptionnelle est une v\u00e9ritable ode \u00e0 notre culture et fait une diff\u00e9rence pour nos cr\u00e9ateurs et cr\u00e9atrices qui \u0153uvrent \u00e0 nous concocter des ouvrages qui nous transportent. <\/p>\n\n\n\n<p>Vous \u00eates en vacances \u00e0 l&rsquo;ext\u00e9rieur et vous voudriez tout de m\u00eame participer \u00e0 cet \u00e9lan? <a href=\"https:\/\/moderne.leslibraires.ca\/\">Faites votre commande en ligne!<\/a> Vous n&rsquo;\u00eates pas \u00e0 l&rsquo;aise de sortir et pr\u00e9f\u00e9rez rester \u00e0 la maison? <a href=\"https:\/\/moderne.leslibraires.ca\/\">Fouillez dans notre inventaire dans le confort de votre foyer!<\/a><\/p>\n\n\n\n<p>En cette p\u00e9riode qui nous a tous secou\u00e9s et dont les cons\u00e9quences demeurent impr\u00e9visibles, il est imp\u00e9ratif de soutenir l&rsquo;achat local et de favoriser les entreprises d&rsquo;ici. La journ\u00e9e Le 12 ao\u00fbt, j&rsquo;ach\u00e8te un livre qu\u00e9b\u00e9cois prend tout son sens. Notez d&rsquo;ailleurs que la Librairie Moderne c\u00e9l\u00e8bre cette ann\u00e9e ses 40 ans d&rsquo;existence!!!  Alors soyez des n\u00f4tres en cette journ\u00e9e magnifique et prenez part au mouvement! Lisons bleu, lisons Qu\u00e9bec!<\/p>\n\n\n\n<h6 class=\"wp-block-heading\">Psssiitttt! Passez nous voir le 12 ao\u00fbt, remplissez un coupon et vous pourriez <strong>gagner l&rsquo;un des nombreux livres qu\u00e9b\u00e9cois<\/strong> cach\u00e9s dans mon tiroir! Tirage le 13 ao\u00fbt 2020.<\/h6>\n\n\n\n<p><\/p>\n","protected":false},"excerpt":{"rendered":"<p>La journ\u00e9e Le 12 ao\u00fbt, j&rsquo;ach\u00e8te un livre qu\u00e9b\u00e9cois s&rsquo;assortit cette ann\u00e9e d&rsquo;une teinte bien sp\u00e9ciale&#8230; couleur Covid! Bien s\u00fbr, pand\u00e9mie oblige, pas d&rsquo;invit\u00e9.e.s pour vous serrer la pince mais une poign\u00e9e de libraires enthousiastes pour vous accueillir et vous proposer le meilleur de la litt\u00e9rature qu\u00e9b\u00e9coise! Instigu\u00e9e il y a 7 ans d\u00e9j\u00e0 par deux auteurs qu\u00e9b\u00e9cois, Patrice Cazeault [&#8230;]<\/p>\n","protected":false},"author":2,"featured_media":5691,"comment_status":"closed","ping_status":"closed","sticky":false,"template":"","format":"standard","meta":{"footnotes":""},"categories":[93],"tags":[406],"class_list":["post-5689","post","type-post","status-publish","format-standard","has-post-thumbnail","hentry","category-evenements-a-venir","tag-12-aout"],"_links":{"self":[{"href":"https:\/\/librairiemoderne.com\/index.php?rest_route=\/wp\/v2\/posts\/5689","targetHints":{"allow":["GET"]}}],"collection":[{"href":"https:\/\/librairiemoderne.com\/index.php?rest_route=\/wp\/v2\/posts"}],"about":[{"href":"https:\/\/librairiemoderne.com\/index.php?rest_route=\/wp\/v2\/types\/post"}],"author":[{"embeddable":true,"href":"https:\/\/librairiemoderne.com\/index.php?rest_route=\/wp\/v2\/users\/2"}],"replies":[{"embeddable":true,"href":"https:\/\/librairiemoderne.com\/index.php?rest_route=%2Fwp%2Fv2%2Fcomments&post=5689"}],"version-history":[{"count":0,"href":"https:\/\/librairiemoderne.com\/index.php?rest_route=\/wp\/v2\/posts\/5689\/revisions"}],"wp:featuredmedia":[{"embeddable":true,"href":"https:\/\/librairiemoderne.com\/index.php?rest_route=\/wp\/v2\/media\/5691"}],"wp:attachment":[{"href":"https:\/\/librairiemoderne.com\/index.php?rest_route=%2Fwp%2Fv2%2Fmedia&parent=5689"}],"wp:term":[{"taxonomy":"category","embeddable":true,"href":"https:\/\/librairiemoderne.com\/index.php?rest_route=%2Fwp%2Fv2%2Fcategories&post=5689"},{"taxonomy":"post_tag","embeddable":true,"href":"https:\/\/librairiemoderne.com\/index.php?rest_route=%2Fwp%2Fv2%2Ftags&post=5689"}],"curies":[{"name":"wp","href":"https:\/\/api.w.org\/{rel}","templated":true}]}}