{"id":5765,"date":"2020-11-19T03:56:08","date_gmt":"2020-11-19T03:56:08","guid":{"rendered":"http:\/\/librairiemoderne.com\/?p=5765"},"modified":"2020-12-02T20:53:04","modified_gmt":"2020-12-02T20:53:04","slug":"joyeuse-rencontre-avec-valerie-fontaine","status":"publish","type":"post","link":"https:\/\/librairiemoderne.com\/?p=5765","title":{"rendered":"Joyeuse rencontre avec Val\u00e9rie Fontaine!"},"content":{"rendered":"\n<p>Gr\u00e2ce au soutien de la SODEC et de l&rsquo;Association des libraires du Qu\u00e9bec, il nous est possible d &lsquo;organiser des rencontres virtuelles avec des auteures et des autrices et d&rsquo;y convier notre client\u00e8le, \u00c0 d\u00e9faut de salon du livre, les libraires s&rsquo;invitent dans votre salon!<\/p>\n\n\n\n<p>Pour cette premi\u00e8re rencontre, j&rsquo;aurai le plaisir de parler avec <a href=\"https:\/\/www.leslibraires.ca\/recherche\/?s=valerie+fontaine\">Val\u00e9rie Fontaine,<\/a> une autrice jeunesse dont le dynamisme est contagieux. Elle a publi\u00e9 entre autres, chez Fonfon,les quatre albums de la s\u00e9rie <a href=\"https:\/\/www.leslibraires.ca\/recherche\/?s=valerie+fontaine+operation\">Antoine<\/a>, qui se d\u00e9ploie au fil des saisons, <a href=\"https:\/\/www.leslibraires.ca\/recherche\/?s=delfouine\">Delfouine<\/a>, aux \u00e9ditions Dominique et compagnie, et chez Les Malins, <a href=\"https:\/\/www.leslibraires.ca\/recherche\/?s=ta+vie+de+youtubeuse\">Ta vie de youtubeuse<\/a> et <a href=\"https:\/\/www.leslibraires.ca\/recherche\/?s=surdou%C3%A9s%2C+valerie\">Les Surdou\u00e9s.<\/a> Cet automne, elle a fait para\u00eetre chez Qu\u00e9bec Am\u00e9rique <a href=\"https:\/\/www.leslibraires.ca\/recherche\/?s=1000++enfants+valerie\">Les 1001 enfants veulent un animal de compagnie<\/a>. Fra\u00eechement arriv\u00e9 sur nos tablettes, <a href=\"https:\/\/www.leslibraires.ca\/livres\/qui-est-le-vrai-pere-noel-valerie-a-fontaine-9781443181082.html\">Qui est le vrai p\u00e8re No\u00ebl?<\/a> , publi\u00e9 chez Scholastic, a comme th\u00e8me un calendrier de l&rsquo;Avent merveilleux. <\/p>\n\n\n\n<p class=\"has-text-align-left\">Ce sera l&rsquo;occasion de d\u00e9couvrir ses inspirations, les valeurs qu&rsquo;elle veut transmettre aux enfants et ce qui la motive. Vos micros seront ferm\u00e9s mais ceux et celles qui le voudront pourront \u00e9mettre des commentaires et un petit moment sera allou\u00e9 \u00e0 vos questions, si vous en avez. <\/p>\n\n\n\n<p class=\"has-text-align-left\">Mercredi le 25 novembre, d\u00e8s 19 h, soyez des n\u00f4tres! Et pour ceux et celles qui seront \u00e0 l&rsquo;\u00e9coute, nous ferons quelques tirages!<\/p>\n\n\n\n<p class=\"has-text-align-left\">Pour assister \u00e0 cette rencontre il suffit de cliquer sur le lien ci-dessous:<\/p>\n\n\n\n<p class=\"has-text-align-left\"><strong>Participez \u00e0 ma r\u00e9union depuis votre ordinateur, tablette ou smartphone.<\/strong><br><a rel=\"noreferrer noopener\" href=\"https:\/\/www.gotomeet.me\/chantalzfontaine\/joyeuse-rencontre-avec-val\u00e9rie-fontaine\" target=\"_blank\">https:\/\/www.gotomeet.me\/chantalzfontaine\/joyeuse-rencontre-avec-val\u00e9rie-fontaine<\/a><br><br><strong>Code d&rsquo;acc\u00e8s:<\/strong> 778-222-989<br><br><br>Vous n&rsquo;utilisez pas encore GoToMeeting&nbsp;? T\u00e9l\u00e9chargez l\u2019application d\u00e8s maintenant et soyez pr\u00eat pour votre premi\u00e8re r\u00e9union&nbsp;: <a rel=\"noreferrer noopener\" href=\"https:\/\/global.gotomeeting.com\/install\/778222989\" target=\"_blank\">https:\/\/global.gotomeeting.com\/install\/778222989<\/a><br><br><br><\/p>\n\n\n\n<p><\/p>\n","protected":false},"excerpt":{"rendered":"<p>Gr\u00e2ce au soutien de la SODEC et de l&rsquo;Association des libraires du Qu\u00e9bec, il nous est possible d &lsquo;organiser des rencontres virtuelles avec des auteures et des autrices et d&rsquo;y convier notre client\u00e8le, \u00c0 d\u00e9faut de salon du livre, les libraires s&rsquo;invitent dans votre salon! Pour cette premi\u00e8re rencontre, j&rsquo;aurai le plaisir de parler avec Val\u00e9rie Fontaine, une autrice jeunesse [&#8230;]<\/p>\n","protected":false},"author":2,"featured_media":5766,"comment_status":"closed","ping_status":"closed","sticky":false,"template":"","format":"standard","meta":{"footnotes":""},"categories":[93],"tags":[],"class_list":["post-5765","post","type-post","status-publish","format-standard","has-post-thumbnail","hentry","category-evenements-a-venir"],"_links":{"self":[{"href":"https:\/\/librairiemoderne.com\/index.php?rest_route=\/wp\/v2\/posts\/5765","targetHints":{"allow":["GET"]}}],"collection":[{"href":"https:\/\/librairiemoderne.com\/index.php?rest_route=\/wp\/v2\/posts"}],"about":[{"href":"https:\/\/librairiemoderne.com\/index.php?rest_route=\/wp\/v2\/types\/post"}],"author":[{"embeddable":true,"href":"https:\/\/librairiemoderne.com\/index.php?rest_route=\/wp\/v2\/users\/2"}],"replies":[{"embeddable":true,"href":"https:\/\/librairiemoderne.com\/index.php?rest_route=%2Fwp%2Fv2%2Fcomments&post=5765"}],"version-history":[{"count":0,"href":"https:\/\/librairiemoderne.com\/index.php?rest_route=\/wp\/v2\/posts\/5765\/revisions"}],"wp:featuredmedia":[{"embeddable":true,"href":"https:\/\/librairiemoderne.com\/index.php?rest_route=\/wp\/v2\/media\/5766"}],"wp:attachment":[{"href":"https:\/\/librairiemoderne.com\/index.php?rest_route=%2Fwp%2Fv2%2Fmedia&parent=5765"}],"wp:term":[{"taxonomy":"category","embeddable":true,"href":"https:\/\/librairiemoderne.com\/index.php?rest_route=%2Fwp%2Fv2%2Fcategories&post=5765"},{"taxonomy":"post_tag","embeddable":true,"href":"https:\/\/librairiemoderne.com\/index.php?rest_route=%2Fwp%2Fv2%2Ftags&post=5765"}],"curies":[{"name":"wp","href":"https:\/\/api.w.org\/{rel}","templated":true}]}}