{"id":666,"date":"2015-01-24T17:34:09","date_gmt":"2015-01-24T17:34:09","guid":{"rendered":"http:\/\/librairiemoderne.com\/?p=666"},"modified":"2015-02-05T16:55:22","modified_gmt":"2015-02-05T16:55:22","slug":"le-feu-de-mon-pere","status":"publish","type":"post","link":"https:\/\/librairiemoderne.com\/?p=666","title":{"rendered":"Le feu de mon p\u00e8re"},"content":{"rendered":"<p><a href=\"https:\/\/librairiemoderne.com\/wp-content\/uploads\/2014\/10\/mini-passionnes.png\"><img loading=\"lazy\" decoding=\"async\" class=\"alignnone wp-image-238\" src=\"https:\/\/librairiemoderne.com\/wp-content\/uploads\/2014\/10\/mini-passionnes.png\" alt=\"mini passionnes\" width=\"128\" height=\"40\" srcset=\"https:\/\/librairiemoderne.com\/wp-content\/uploads\/2014\/10\/mini-passionnes.png 694w, https:\/\/librairiemoderne.com\/wp-content\/uploads\/2014\/10\/mini-passionnes-300x93.png 300w\" sizes=\"auto, (max-width: 128px) 100vw, 128px\" \/><\/a><br \/>\n<a title=\"http:\/\/moderne.leslibraires.ca\/livres\/feu-mon-pere-michael-delisle-9782764622940.html\" href=\"http:\/\/moderne.leslibraires.ca\/livres\/feu-mon-pere-michael-delisle-9782764622940.html\"><strong>Le feu de mon p\u00e8re<\/strong><\/a>, <em>Michael Delisle, Bor\u00e9al, 121 p., 17,95$<\/em><\/p>\n<p><a title=\"http:\/\/moderne.leslibraires.ca\/livres\/feu-mon-pere-michael-delisle-9782764622940.html\" href=\"http:\/\/moderne.leslibraires.ca\/livres\/feu-mon-pere-michael-delisle-9782764622940.html\"><img loading=\"lazy\" decoding=\"async\" class=\"alignleft size-full wp-image-667\" src=\"https:\/\/librairiemoderne.com\/wp-content\/uploads\/2015\/01\/feu.jpg\" alt=\"feu\" width=\"180\" height=\"279\" \/><\/a>Dans un r\u00e9cit intimiste, secret, l&rsquo;auteur se livre sur son enfance avec son p\u00e8re. Un p\u00e8re criminel, violent, absent. Un p\u00e8re subitement converti en chr\u00e9tien convaincu, mais toujours aussi d\u00e9tach\u00e9 de sa famille. Michael Delisle se raconte sans complaisance avec une plume pr\u00e9cise, aux accents forts et \u00e9vocateurs. Magnifique \u00f4de \u00e0 la po\u00e9sie, aussi, \u00e0 laquelle l&rsquo;auteur voue son salut. Un ouvrage poignant, \u00e9crit avec coeur.<\/p>\n<p>Ce livre est finaliste pour le Prix des Libraires 2015.<\/p>\n<p><em>Un commentaire de Chantal Fontaine, libraire<\/em><\/p>\n","protected":false},"excerpt":{"rendered":"<p>Le feu de mon p\u00e8re, Michael Delisle, Bor\u00e9al, 121 p., 17,95$ Dans un r\u00e9cit intimiste, secret, l&rsquo;auteur se livre sur son enfance avec son p\u00e8re. Un p\u00e8re criminel, violent, absent. Un p\u00e8re subitement converti en chr\u00e9tien convaincu, mais toujours aussi d\u00e9tach\u00e9 de sa famille. Michael Delisle se raconte sans complaisance avec une plume pr\u00e9cise, aux accents forts et \u00e9vocateurs. Magnifique [&#8230;]<\/p>\n","protected":false},"author":2,"featured_media":0,"comment_status":"closed","ping_status":"closed","sticky":false,"template":"","format":"standard","meta":{"footnotes":""},"categories":[187],"tags":[186,181,90,180,182,183],"class_list":["post-666","post","type-post","status-publish","format-standard","hentry","category-prix-des-libraires-old","tag-auteur-quebecois","tag-boreal","tag-chantal-fontaine","tag-finaliste-prix-des-libraires-2015","tag-michael-delisle","tag-recit"],"_links":{"self":[{"href":"https:\/\/librairiemoderne.com\/index.php?rest_route=\/wp\/v2\/posts\/666","targetHints":{"allow":["GET"]}}],"collection":[{"href":"https:\/\/librairiemoderne.com\/index.php?rest_route=\/wp\/v2\/posts"}],"about":[{"href":"https:\/\/librairiemoderne.com\/index.php?rest_route=\/wp\/v2\/types\/post"}],"author":[{"embeddable":true,"href":"https:\/\/librairiemoderne.com\/index.php?rest_route=\/wp\/v2\/users\/2"}],"replies":[{"embeddable":true,"href":"https:\/\/librairiemoderne.com\/index.php?rest_route=%2Fwp%2Fv2%2Fcomments&post=666"}],"version-history":[{"count":0,"href":"https:\/\/librairiemoderne.com\/index.php?rest_route=\/wp\/v2\/posts\/666\/revisions"}],"wp:attachment":[{"href":"https:\/\/librairiemoderne.com\/index.php?rest_route=%2Fwp%2Fv2%2Fmedia&parent=666"}],"wp:term":[{"taxonomy":"category","embeddable":true,"href":"https:\/\/librairiemoderne.com\/index.php?rest_route=%2Fwp%2Fv2%2Fcategories&post=666"},{"taxonomy":"post_tag","embeddable":true,"href":"https:\/\/librairiemoderne.com\/index.php?rest_route=%2Fwp%2Fv2%2Ftags&post=666"}],"curies":[{"name":"wp","href":"https:\/\/api.w.org\/{rel}","templated":true}]}}