{"id":78,"date":"2014-10-23T19:40:41","date_gmt":"2014-10-23T19:40:41","guid":{"rendered":"http:\/\/librairiemoderne.com\/?p=78"},"modified":"2015-01-27T01:43:33","modified_gmt":"2015-01-27T01:43:33","slug":"nous-conjuguons","status":"publish","type":"post","link":"https:\/\/librairiemoderne.com\/?p=78","title":{"rendered":"Nous conjuguons"},"content":{"rendered":"<p><a href=\"http:\/\/moderne.leslibraires.ca\/livres\/verbe-etre-present-indicatif-dominique-pelletier-9781443138260.html\"><img loading=\"lazy\" decoding=\"async\" class=\"alignnone wp-image-80 size-full\" src=\"https:\/\/librairiemoderne.com\/wp-content\/uploads\/2014\/10\/image10.jpg\" alt=\"image\" width=\"180\" height=\"270\" \/><\/a><a href=\"http:\/\/moderne.leslibraires.ca\/livres\/verbe-avoir-present-indicatif-dominique-pelletier-9781443138277.html\"> <img loading=\"lazy\" decoding=\"async\" class=\"alignnone wp-image-79 size-full\" src=\"https:\/\/librairiemoderne.com\/wp-content\/uploads\/2014\/10\/image9.jpg\" alt=\"image\" width=\"180\" height=\"270\" \/><\/a><b><br \/>\n<a href=\"https:\/\/librairiemoderne.com\/wp-content\/uploads\/2014\/10\/mini-suggerent1.png\"><img loading=\"lazy\" decoding=\"async\" class=\"alignnone wp-image-181\" src=\"https:\/\/librairiemoderne.com\/wp-content\/uploads\/2014\/10\/mini-suggerent1-300x93.png\" alt=\"mini suggerent\" width=\"128\" height=\"40\" \/><\/a><br \/>\nCollection Nous conjuguons!<\/b>, <i>Dominique Pelletier, Scholastic, 24 p., 7,99$ chacun.<\/i><\/p>\n<p>Quelle belle id\u00e9e que d&rsquo;avoir pens\u00e9 \u00e0 conjuguer les verbes AVOIR et \u00caTRE dans le cadre d&rsquo;une histoire pour les premiers lecteurs! Parions que l&rsquo;apprentissage du pr\u00e9sent de l&rsquo;indicatif s&rsquo;en verra assur\u00e9ment facilit\u00e9!<\/p>\n<p><i>Un coup de coeur de Louise V\u00e9giard, libraire<\/i><\/p>\n<p>&nbsp;<\/p>\n","protected":false},"excerpt":{"rendered":"<p>Collection Nous conjuguons!, Dominique Pelletier, Scholastic, 24 p., 7,99$ chacun. Quelle belle id\u00e9e que d&rsquo;avoir pens\u00e9 \u00e0 conjuguer les verbes AVOIR et \u00caTRE dans le cadre d&rsquo;une histoire pour les premiers lecteurs! Parions que l&rsquo;apprentissage du pr\u00e9sent de l&rsquo;indicatif s&rsquo;en verra assur\u00e9ment facilit\u00e9! Un coup de coeur de Louise V\u00e9giard, libraire &nbsp;<\/p>\n","protected":false},"author":2,"featured_media":0,"comment_status":"closed","ping_status":"closed","sticky":false,"template":"","format":"standard","meta":{"footnotes":""},"categories":[3],"tags":[5,43,186,40,38,41,88,42,30,39],"class_list":["post-78","post","type-post","status-publish","format-standard","hentry","category-coup-de-coeur","tag-album-jeunesse","tag-apprendre-en-samusant","tag-auteur-quebecois","tag-conjugaison","tag-dominique-pelletier","tag-grammaire","tag-louise-vegiard","tag-premiere-lecture","tag-scholastic","tag-verbe"],"_links":{"self":[{"href":"https:\/\/librairiemoderne.com\/index.php?rest_route=\/wp\/v2\/posts\/78","targetHints":{"allow":["GET"]}}],"collection":[{"href":"https:\/\/librairiemoderne.com\/index.php?rest_route=\/wp\/v2\/posts"}],"about":[{"href":"https:\/\/librairiemoderne.com\/index.php?rest_route=\/wp\/v2\/types\/post"}],"author":[{"embeddable":true,"href":"https:\/\/librairiemoderne.com\/index.php?rest_route=\/wp\/v2\/users\/2"}],"replies":[{"embeddable":true,"href":"https:\/\/librairiemoderne.com\/index.php?rest_route=%2Fwp%2Fv2%2Fcomments&post=78"}],"version-history":[{"count":0,"href":"https:\/\/librairiemoderne.com\/index.php?rest_route=\/wp\/v2\/posts\/78\/revisions"}],"wp:attachment":[{"href":"https:\/\/librairiemoderne.com\/index.php?rest_route=%2Fwp%2Fv2%2Fmedia&parent=78"}],"wp:term":[{"taxonomy":"category","embeddable":true,"href":"https:\/\/librairiemoderne.com\/index.php?rest_route=%2Fwp%2Fv2%2Fcategories&post=78"},{"taxonomy":"post_tag","embeddable":true,"href":"https:\/\/librairiemoderne.com\/index.php?rest_route=%2Fwp%2Fv2%2Ftags&post=78"}],"curies":[{"name":"wp","href":"https:\/\/api.w.org\/{rel}","templated":true}]}}