{"id":809,"date":"2015-02-20T16:00:11","date_gmt":"2015-02-20T16:00:11","guid":{"rendered":"http:\/\/librairiemoderne.com\/?p=809"},"modified":"2015-03-13T16:50:16","modified_gmt":"2015-03-13T16:50:16","slug":"rejean-wagner-en-librairie","status":"publish","type":"post","link":"https:\/\/librairiemoderne.com\/?p=809","title":{"rendered":"R\u00e9jean Wagner en librairie"},"content":{"rendered":"<p><a href=\"https:\/\/librairiemoderne.com\/wp-content\/uploads\/2014\/10\/mini-unis.png\"><img loading=\"lazy\" decoding=\"async\" class=\"alignnone wp-image-242\" src=\"https:\/\/librairiemoderne.com\/wp-content\/uploads\/2014\/10\/mini-unis.png\" alt=\"mini unis\" width=\"128\" height=\"40\" \/><\/a>\u00a0<strong>Samedi le 7 mars 2015<\/strong><\/p>\n<p><a href=\"https:\/\/librairiemoderne.com\/wp-content\/uploads\/2015\/03\/image.jpg\"><img loading=\"lazy\" decoding=\"async\" class=\"alignleft wp-image-811 size-medium\" src=\"https:\/\/librairiemoderne.com\/wp-content\/uploads\/2015\/03\/image-225x300.jpg\" alt=\"image\" width=\"225\" height=\"300\" srcset=\"https:\/\/librairiemoderne.com\/wp-content\/uploads\/2015\/03\/image-225x300.jpg 225w, https:\/\/librairiemoderne.com\/wp-content\/uploads\/2015\/03\/image.jpg 750w\" sizes=\"auto, (max-width: 225px) 100vw, 225px\" \/><\/a>La Librairie Moderne re\u00e7oit R\u00e9jean Wagner pour une s\u00e9ance de signatures samedi le 7 mars, d\u00e8s 13h. Il nous pr\u00e9sentera son album de contes, l&rsquo;Ile aux contines.<\/p>\n<p>Bienvenue \u00e0 tous!<\/p>\n","protected":false},"excerpt":{"rendered":"<p>\u00a0Samedi le 7 mars 2015 La Librairie Moderne re\u00e7oit R\u00e9jean Wagner pour une s\u00e9ance de signatures samedi le 7 mars, d\u00e8s 13h. Il nous pr\u00e9sentera son album de contes, l&rsquo;Ile aux contines. Bienvenue \u00e0 tous!<\/p>\n","protected":false},"author":2,"featured_media":0,"comment_status":"closed","ping_status":"closed","sticky":false,"template":"","format":"standard","meta":{"footnotes":""},"categories":[93],"tags":[],"class_list":["post-809","post","type-post","status-publish","format-standard","hentry","category-evenements-a-venir"],"_links":{"self":[{"href":"https:\/\/librairiemoderne.com\/index.php?rest_route=\/wp\/v2\/posts\/809","targetHints":{"allow":["GET"]}}],"collection":[{"href":"https:\/\/librairiemoderne.com\/index.php?rest_route=\/wp\/v2\/posts"}],"about":[{"href":"https:\/\/librairiemoderne.com\/index.php?rest_route=\/wp\/v2\/types\/post"}],"author":[{"embeddable":true,"href":"https:\/\/librairiemoderne.com\/index.php?rest_route=\/wp\/v2\/users\/2"}],"replies":[{"embeddable":true,"href":"https:\/\/librairiemoderne.com\/index.php?rest_route=%2Fwp%2Fv2%2Fcomments&post=809"}],"version-history":[{"count":0,"href":"https:\/\/librairiemoderne.com\/index.php?rest_route=\/wp\/v2\/posts\/809\/revisions"}],"wp:attachment":[{"href":"https:\/\/librairiemoderne.com\/index.php?rest_route=%2Fwp%2Fv2%2Fmedia&parent=809"}],"wp:term":[{"taxonomy":"category","embeddable":true,"href":"https:\/\/librairiemoderne.com\/index.php?rest_route=%2Fwp%2Fv2%2Fcategories&post=809"},{"taxonomy":"post_tag","embeddable":true,"href":"https:\/\/librairiemoderne.com\/index.php?rest_route=%2Fwp%2Fv2%2Ftags&post=809"}],"curies":[{"name":"wp","href":"https:\/\/api.w.org\/{rel}","templated":true}]}}