{"id":821,"date":"2015-02-21T18:07:41","date_gmt":"2015-02-21T18:07:41","guid":{"rendered":"http:\/\/librairiemoderne.com\/?p=821"},"modified":"2015-03-22T16:50:03","modified_gmt":"2015-03-22T16:50:03","slug":"jean-lemieux-en-librairie","status":"publish","type":"post","link":"https:\/\/librairiemoderne.com\/?p=821","title":{"rendered":"Jean Lemieux en librairie"},"content":{"rendered":"<p><a href=\"https:\/\/librairiemoderne.com\/wp-content\/uploads\/2014\/10\/mini-unis.png\"><img loading=\"lazy\" decoding=\"async\" class=\"alignnone wp-image-242\" src=\"https:\/\/librairiemoderne.com\/wp-content\/uploads\/2014\/10\/mini-unis.png\" alt=\"mini unis\" width=\"128\" height=\"40\" \/>\u00a0<\/a><b>Samedi le 21 mars 2015<br \/>\n<\/b><\/p>\n<p><a href=\"https:\/\/librairiemoderne.com\/wp-content\/uploads\/2015\/02\/image15.jpg\"><img loading=\"lazy\" decoding=\"async\" class=\"alignleft wp-image-836 \" src=\"https:\/\/librairiemoderne.com\/wp-content\/uploads\/2015\/02\/image15-225x300.jpg\" alt=\"image\" width=\"104\" height=\"139\" srcset=\"https:\/\/librairiemoderne.com\/wp-content\/uploads\/2015\/02\/image15-225x300.jpg 225w, https:\/\/librairiemoderne.com\/wp-content\/uploads\/2015\/02\/image15-768x1024.jpg 768w, https:\/\/librairiemoderne.com\/wp-content\/uploads\/2015\/02\/image15.jpg 900w\" sizes=\"auto, (max-width: 104px) 100vw, 104px\" \/><\/a>C&rsquo;est avec fiert\u00e9 que la Librairie Moderne recevra l&rsquo;auteur Jean Lemieux, originaire d&rsquo;Iberville, samedi le 21 mars d\u00e8s 13h, pour une s\u00e9ance de signatures. Il nous pr\u00e9sentera son nouveau livre, <a title=\"http:\/\/moderne.leslibraires.ca\/livres\/mauvais-cote-des-choses-jean-lemieux-9782764428368.html\" href=\"http:\/\/moderne.leslibraires.ca\/livres\/mauvais-cote-des-choses-jean-lemieux-9782764428368.html\"><i>Le mauvais c\u00f4t\u00e9 des choses<\/i><\/a>, qui met en sc\u00e8ne une nouvelle fois l&rsquo;inspecteur Andr\u00e9 Surprenant. \u00a0Une belle occasion de rencontrer un auteur qui suscite l&rsquo;int\u00e9r\u00eat de bien des lecteurs!\u00a0 Bienvenue \u00e0 tous!<\/p>\n<p style=\"text-align: center;\"><a title=\"http:\/\/moderne.leslibraires.ca\/livres\/prague-sans-toi-jean-lemieux-9782764425558.html\" href=\"http:\/\/moderne.leslibraires.ca\/livres\/prague-sans-toi-jean-lemieux-9782764425558.html\"><img loading=\"lazy\" decoding=\"async\" class=\"alignnone wp-image-824\" src=\"https:\/\/librairiemoderne.com\/wp-content\/uploads\/2015\/03\/image5-e1425486276917.jpg\" alt=\"image\" width=\"88\" height=\"141\" \/><\/a> <a title=\"http:\/\/moderne.leslibraires.ca\/livres\/tresor-brion-jean-lemieux-9782764407950.html\" href=\"http:\/\/moderne.leslibraires.ca\/livres\/tresor-brion-jean-lemieux-9782764407950.html\"> <img loading=\"lazy\" decoding=\"async\" src=\"https:\/\/librairiemoderne.com\/wp-content\/uploads\/2015\/03\/image3.jpg\" alt=\"image\" width=\"83\" height=\"141\" \/><\/a> <a title=\"http:\/\/moderne.leslibraires.ca\/livres\/mauvais-cote-des-choses-jean-lemieux-9782764428368.html\" href=\"http:\/\/moderne.leslibraires.ca\/livres\/mauvais-cote-des-choses-jean-lemieux-9782764428368.html\"><img loading=\"lazy\" decoding=\"async\" src=\"https:\/\/librairiemoderne.com\/wp-content\/uploads\/2015\/03\/image4.jpg\" alt=\"image\" width=\"94\" height=\"141\" \/><\/a><\/p>\n","protected":false},"excerpt":{"rendered":"<p>\u00a0Samedi le 21 mars 2015 C&rsquo;est avec fiert\u00e9 que la Librairie Moderne recevra l&rsquo;auteur Jean Lemieux, originaire d&rsquo;Iberville, samedi le 21 mars d\u00e8s 13h, pour une s\u00e9ance de signatures. Il nous pr\u00e9sentera son nouveau livre, Le mauvais c\u00f4t\u00e9 des choses, qui met en sc\u00e8ne une nouvelle fois l&rsquo;inspecteur Andr\u00e9 Surprenant. \u00a0Une belle occasion de rencontrer un auteur qui suscite l&rsquo;int\u00e9r\u00eat [&#8230;]<\/p>\n","protected":false},"author":2,"featured_media":0,"comment_status":"closed","ping_status":"closed","sticky":false,"template":"","format":"standard","meta":{"footnotes":""},"categories":[93],"tags":[],"class_list":["post-821","post","type-post","status-publish","format-standard","hentry","category-evenements-a-venir"],"_links":{"self":[{"href":"https:\/\/librairiemoderne.com\/index.php?rest_route=\/wp\/v2\/posts\/821","targetHints":{"allow":["GET"]}}],"collection":[{"href":"https:\/\/librairiemoderne.com\/index.php?rest_route=\/wp\/v2\/posts"}],"about":[{"href":"https:\/\/librairiemoderne.com\/index.php?rest_route=\/wp\/v2\/types\/post"}],"author":[{"embeddable":true,"href":"https:\/\/librairiemoderne.com\/index.php?rest_route=\/wp\/v2\/users\/2"}],"replies":[{"embeddable":true,"href":"https:\/\/librairiemoderne.com\/index.php?rest_route=%2Fwp%2Fv2%2Fcomments&post=821"}],"version-history":[{"count":0,"href":"https:\/\/librairiemoderne.com\/index.php?rest_route=\/wp\/v2\/posts\/821\/revisions"}],"wp:attachment":[{"href":"https:\/\/librairiemoderne.com\/index.php?rest_route=%2Fwp%2Fv2%2Fmedia&parent=821"}],"wp:term":[{"taxonomy":"category","embeddable":true,"href":"https:\/\/librairiemoderne.com\/index.php?rest_route=%2Fwp%2Fv2%2Fcategories&post=821"},{"taxonomy":"post_tag","embeddable":true,"href":"https:\/\/librairiemoderne.com\/index.php?rest_route=%2Fwp%2Fv2%2Ftags&post=821"}],"curies":[{"name":"wp","href":"https:\/\/api.w.org\/{rel}","templated":true}]}}