{"id":930,"date":"2015-04-07T13:31:16","date_gmt":"2015-04-07T13:31:16","guid":{"rendered":"http:\/\/librairiemoderne.com\/?p=930"},"modified":"2015-04-07T13:31:16","modified_gmt":"2015-04-07T13:31:16","slug":"ce-nest-pas-mon-chapeau","status":"publish","type":"post","link":"https:\/\/librairiemoderne.com\/?p=930","title":{"rendered":"Ce n&rsquo;est pas mon chapeau"},"content":{"rendered":"<p><img loading=\"lazy\" decoding=\"async\" class=\"alignnone wp-image-238\" src=\"https:\/\/librairiemoderne.com\/wp-content\/uploads\/2014\/10\/mini-passionnes.png\" alt=\"mini passionnes\" width=\"128\" height=\"40\" srcset=\"https:\/\/librairiemoderne.com\/wp-content\/uploads\/2014\/10\/mini-passionnes.png 694w, https:\/\/librairiemoderne.com\/wp-content\/uploads\/2014\/10\/mini-passionnes-300x93.png 300w\" sizes=\"auto, (max-width: 128px) 100vw, 128px\" \/><br \/>\n<a title=\"http:\/\/moderne.leslibraires.ca\/livres\/est-pas-mon-chapeau-jon-klassen-9781443140355.html\" href=\"http:\/\/moderne.leslibraires.ca\/livres\/est-pas-mon-chapeau-jon-klassen-9781443140355.html\"><strong>Ce n&rsquo;est pas mon chapeau<\/strong><\/a>, <em>Jon Klassen, Scholastic, 10,99$<\/em><\/p>\n<p><a title=\"http:\/\/moderne.leslibraires.ca\/livres\/est-pas-mon-chapeau-jon-klassen-9781443140355.html\" href=\"http:\/\/moderne.leslibraires.ca\/livres\/est-pas-mon-chapeau-jon-klassen-9781443140355.html\"><img loading=\"lazy\" decoding=\"async\" class=\"alignleft wp-image-931 size-full\" src=\"https:\/\/librairiemoderne.com\/wp-content\/uploads\/2015\/03\/image13.jpg\" alt=\"image\" width=\"205\" height=\"146\" \/><\/a>Des illustrations sombres et douces \u00e0 la fois, comme un collage, se d\u00e9clinent dans cet album de peu de mots. Un texte court, soit, mais tr\u00e8s dr\u00f4le, au ton juste et porteur d&rsquo;excitantes \u00e9motions. On ne peut qu&rsquo;anticiper le sort du voleur de chapeau&#8230;<\/p>\n<p><em>Un coup de coeur de Chantal Fontaine, libraire<\/em><\/p>\n","protected":false},"excerpt":{"rendered":"<p>Ce n&rsquo;est pas mon chapeau, Jon Klassen, Scholastic, 10,99$ Des illustrations sombres et douces \u00e0 la fois, comme un collage, se d\u00e9clinent dans cet album de peu de mots. Un texte court, soit, mais tr\u00e8s dr\u00f4le, au ton juste et porteur d&rsquo;excitantes \u00e9motions. On ne peut qu&rsquo;anticiper le sort du voleur de chapeau&#8230; Un coup de coeur de Chantal Fontaine, [&#8230;]<\/p>\n","protected":false},"author":2,"featured_media":0,"comment_status":"closed","ping_status":"closed","sticky":false,"template":"","format":"standard","meta":{"footnotes":""},"categories":[3],"tags":[108,5,90,272,30],"class_list":["post-930","post","type-post","status-publish","format-standard","hentry","category-coup-de-coeur","tag-album","tag-album-jeunesse","tag-chantal-fontaine","tag-jon-klassen","tag-scholastic"],"_links":{"self":[{"href":"https:\/\/librairiemoderne.com\/index.php?rest_route=\/wp\/v2\/posts\/930","targetHints":{"allow":["GET"]}}],"collection":[{"href":"https:\/\/librairiemoderne.com\/index.php?rest_route=\/wp\/v2\/posts"}],"about":[{"href":"https:\/\/librairiemoderne.com\/index.php?rest_route=\/wp\/v2\/types\/post"}],"author":[{"embeddable":true,"href":"https:\/\/librairiemoderne.com\/index.php?rest_route=\/wp\/v2\/users\/2"}],"replies":[{"embeddable":true,"href":"https:\/\/librairiemoderne.com\/index.php?rest_route=%2Fwp%2Fv2%2Fcomments&post=930"}],"version-history":[{"count":0,"href":"https:\/\/librairiemoderne.com\/index.php?rest_route=\/wp\/v2\/posts\/930\/revisions"}],"wp:attachment":[{"href":"https:\/\/librairiemoderne.com\/index.php?rest_route=%2Fwp%2Fv2%2Fmedia&parent=930"}],"wp:term":[{"taxonomy":"category","embeddable":true,"href":"https:\/\/librairiemoderne.com\/index.php?rest_route=%2Fwp%2Fv2%2Fcategories&post=930"},{"taxonomy":"post_tag","embeddable":true,"href":"https:\/\/librairiemoderne.com\/index.php?rest_route=%2Fwp%2Fv2%2Ftags&post=930"}],"curies":[{"name":"wp","href":"https:\/\/api.w.org\/{rel}","templated":true}]}}