{"id":938,"date":"2015-03-31T22:14:56","date_gmt":"2015-03-31T22:14:56","guid":{"rendered":"http:\/\/librairiemoderne.com\/?p=938"},"modified":"2015-03-31T22:14:56","modified_gmt":"2015-03-31T22:14:56","slug":"je-suis-en-retard-a-lecole-parce-que","status":"publish","type":"post","link":"https:\/\/librairiemoderne.com\/?p=938","title":{"rendered":"Je suis en retard \u00e0 l&rsquo;\u00e9cole parce que&#8230;"},"content":{"rendered":"<p><a href=\"https:\/\/librairiemoderne.com\/wp-content\/uploads\/2014\/10\/mini-passionnes.png\"><img loading=\"lazy\" decoding=\"async\" class=\"alignnone wp-image-238\" src=\"https:\/\/librairiemoderne.com\/wp-content\/uploads\/2014\/10\/mini-passionnes.png\" alt=\"mini passionnes\" width=\"128\" height=\"40\" srcset=\"https:\/\/librairiemoderne.com\/wp-content\/uploads\/2014\/10\/mini-passionnes.png 694w, https:\/\/librairiemoderne.com\/wp-content\/uploads\/2014\/10\/mini-passionnes-300x93.png 300w\" sizes=\"auto, (max-width: 128px) 100vw, 128px\" \/><br \/>\n<\/a><a title=\"http:\/\/moderne.leslibraires.ca\/livres\/suis-retard-ecole-parce-que-davide-cali-9782330037666.html\" href=\"http:\/\/moderne.leslibraires.ca\/livres\/suis-retard-ecole-parce-que-davide-cali-9782330037666.html\"><strong>Je suis en retard \u00e0 l&rsquo;\u00e9cole parce que&#8230;<\/strong><\/a> <em>Davide Cali et Benjamin Chaud, H\u00e9lium, 40 p., 23,95$<\/em><em><br \/>\n<\/em><a href=\"https:\/\/librairiemoderne.com\/wp-content\/uploads\/2014\/10\/mini-passionnes.png\"><em><br \/>\n<\/em><\/a><em><a title=\"http:\/\/moderne.leslibraires.ca\/livres\/suis-retard-ecole-parce-que-davide-cali-9782330037666.html\" href=\"http:\/\/moderne.leslibraires.ca\/livres\/suis-retard-ecole-parce-que-davide-cali-9782330037666.html\"><img loading=\"lazy\" decoding=\"async\" class=\"alignleft wp-image-939 size-medium\" src=\"https:\/\/librairiemoderne.com\/wp-content\/uploads\/2015\/03\/image15-225x300.jpg\" alt=\"image\" width=\"225\" height=\"300\" srcset=\"https:\/\/librairiemoderne.com\/wp-content\/uploads\/2015\/03\/image15-225x300.jpg 225w, https:\/\/librairiemoderne.com\/wp-content\/uploads\/2015\/03\/image15.jpg 500w\" sizes=\"auto, (max-width: 225px) 100vw, 225px\" \/><\/a><\/em>Un album hilarant, o\u00f9 les illustrations foisonnent de d\u00e9tails autant que les excuses sans queue ni t\u00eate que raconte le retardataire. Dans la m\u00eame lign\u00e9e que son petit fr\u00e8re<a title=\"http:\/\/moderne.leslibraires.ca\/livres\/pas-fait-mes-devoirs-parce-que-davide-cali-9782330023713.html\" href=\"http:\/\/moderne.leslibraires.ca\/livres\/pas-fait-mes-devoirs-parce-que-davide-cali-9782330023713.html\"> Je n&rsquo;ai pas fait mes devoirs parce que&#8230;<\/a>, on retrouve avec d\u00e9lectation le gamin aux id\u00e9es saugrenues, et on se demande, hum, peut-on utiliser ces excuses au boulot? Un plaisir aussi que de contempler ces images qui parlent d&rsquo;elles-m\u00eames, vraiment.<\/p>\n<p><em>Un coup de coeur de Chantal Fontaine, libraire<\/em><\/p>\n","protected":false},"excerpt":{"rendered":"<p>Je suis en retard \u00e0 l&rsquo;\u00e9cole parce que&#8230; Davide Cali et Benjamin Chaud, H\u00e9lium, 40 p., 23,95$ Un album hilarant, o\u00f9 les illustrations foisonnent de d\u00e9tails autant que les excuses sans queue ni t\u00eate que raconte le retardataire. Dans la m\u00eame lign\u00e9e que son petit fr\u00e8re Je n&rsquo;ai pas fait mes devoirs parce que&#8230;, on retrouve avec d\u00e9lectation le gamin [&#8230;]<\/p>\n","protected":false},"author":2,"featured_media":0,"comment_status":"closed","ping_status":"closed","sticky":false,"template":"","format":"standard","meta":{"footnotes":""},"categories":[3],"tags":[108,5,277,90,276,275],"class_list":["post-938","post","type-post","status-publish","format-standard","hentry","category-coup-de-coeur","tag-album","tag-album-jeunesse","tag-benjamin-chaud","tag-chantal-fontaine","tag-davide-cali","tag-helium"],"_links":{"self":[{"href":"https:\/\/librairiemoderne.com\/index.php?rest_route=\/wp\/v2\/posts\/938","targetHints":{"allow":["GET"]}}],"collection":[{"href":"https:\/\/librairiemoderne.com\/index.php?rest_route=\/wp\/v2\/posts"}],"about":[{"href":"https:\/\/librairiemoderne.com\/index.php?rest_route=\/wp\/v2\/types\/post"}],"author":[{"embeddable":true,"href":"https:\/\/librairiemoderne.com\/index.php?rest_route=\/wp\/v2\/users\/2"}],"replies":[{"embeddable":true,"href":"https:\/\/librairiemoderne.com\/index.php?rest_route=%2Fwp%2Fv2%2Fcomments&post=938"}],"version-history":[{"count":0,"href":"https:\/\/librairiemoderne.com\/index.php?rest_route=\/wp\/v2\/posts\/938\/revisions"}],"wp:attachment":[{"href":"https:\/\/librairiemoderne.com\/index.php?rest_route=%2Fwp%2Fv2%2Fmedia&parent=938"}],"wp:term":[{"taxonomy":"category","embeddable":true,"href":"https:\/\/librairiemoderne.com\/index.php?rest_route=%2Fwp%2Fv2%2Fcategories&post=938"},{"taxonomy":"post_tag","embeddable":true,"href":"https:\/\/librairiemoderne.com\/index.php?rest_route=%2Fwp%2Fv2%2Ftags&post=938"}],"curies":[{"name":"wp","href":"https:\/\/api.w.org\/{rel}","templated":true}]}}